{"id":3846,"date":"2026-01-05T10:44:11","date_gmt":"2026-01-05T13:44:11","guid":{"rendered":"https:\/\/cooperativaredloslagos.cl\/?p=3846"},"modified":"2026-01-05T10:44:12","modified_gmt":"2026-01-05T13:44:12","slug":"cinco-muertes-por-inmersion-marcan-tragico-inicio-de-ano-en-la-region-de-los-lagos","status":"publish","type":"post","link":"https:\/\/cooperativaredloslagos.cl\/2026\/01\/05\/cinco-muertes-por-inmersion-marcan-tragico-inicio-de-ano-en-la-region-de-los-lagos\/","title":{"rendered":"Cinco muertes por inmersi\u00f3n marcan tr\u00e1gico inicio de a\u00f1o en la Regi\u00f3n de Los Lagos"},"content":{"rendered":"\n<p><em>Entre el 1 y el 4 de enero, r\u00edos, lagos y playas de la regi\u00f3n fueron escenario de una seguidilla de accidentes fatales, donde la falta de medidas de seguridad y el ingreso a zonas no habilitadas se repiten como denominador com\u00fan.<\/em><\/p>\n\n\n\n<p>La Regi\u00f3n de Los Lagos enfrenta uno de los comienzos de a\u00f1o m\u00e1s dolorosos de la \u00faltima d\u00e9cada, luego de que cinco personas perdieran la vida por asfixia por inmersi\u00f3n en distintos puntos del territorio. La cadena de tragedias se inici\u00f3 el jueves con la muerte de un joven de 19 a\u00f1os en el Lago Llanquihue, y continu\u00f3 el viernes con el fallecimiento de un hombre de 45 a\u00f1os tras un accidente en moto de agua.<\/p>\n\n\n\n<p>El s\u00e1bado, la tragedia golpe\u00f3 a la comuna de Los Muermos, donde Antonio Trivi\u00f1o, de 38 a\u00f1os, muri\u00f3 tras lanzarse al r\u00edo Maull\u00edn para rescatar a su hijo de seis a\u00f1os, quien hab\u00eda sido arrastrado por la corriente. El padre logr\u00f3 salvar al menor, pero fue vencido por el caudal en un sector no habilitado y sin portar chaleco salvavidas. Su cuerpo fue encontrado el domingo a unos 200 metros del lugar donde se le vio por \u00faltima vez, tras un amplio operativo de b\u00fasqueda.<\/p>\n\n\n\n<p>Ese mismo domingo se sumaron otras dos v\u00edctimas fatales. En playa Maqui de Frutillar, un hombre de 38 a\u00f1os, oriundo de Ancud, falleci\u00f3 pese a extensas maniobras de reanimaci\u00f3n, luego de ingresar al agua en un sector no apto para el ba\u00f1o. En tanto, en el sector Rahue de Osorno, cerca del camping Arnoldo Keim, un hombre de 34 a\u00f1os perdi\u00f3 la vida por asfixia por inmersi\u00f3n en el r\u00edo.<\/p>\n\n\n\n<p>Desde la Autoridad Mar\u00edtima reiteraron que el uso de chaleco salvavidas y el respeto a las zonas habilitadas son claves para prevenir este tipo de tragedias. La Capitan\u00eda de Puerto record\u00f3 que en el Lago Llanquihue solo existen cuatro playas aptas para el ba\u00f1o \u2014todas en Puerto Varas\u2014 e insisti\u00f3 en el autocuidado, la informaci\u00f3n previa sobre condiciones clim\u00e1ticas y evitar conductas temerarias como la \u00fanica forma de reducir este tipo de accidentes.<\/p>\n\n\n\n<p>Fuente Soy Puerto Montt.<\/p>\n","protected":false},"excerpt":{"rendered":"<p>Entre el 1 y el 4 de enero, r\u00edos, lagos y playas de la regi\u00f3n fueron escenario de una seguidilla de accidentes fatales, donde la [&hellip;]<\/p>\n","protected":false},"author":1,"featured_media":3847,"comment_status":"closed","ping_status":"closed","sticky":false,"template":"","format":"standard","meta":{"_monsterinsights_skip_tracking":false,"_monsterinsights_sitenote_active":false,"_monsterinsights_sitenote_note":"","_monsterinsights_sitenote_category":0,"footnotes":""},"categories":[28,15],"tags":[],"class_list":["post-3846","post","type-post","status-publish","format-standard","has-post-thumbnail","hentry","category-policial","category-regional"],"_links":{"self":[{"href":"https:\/\/cooperativaredloslagos.cl\/wp-json\/wp\/v2\/posts\/3846","targetHints":{"allow":["GET"]}}],"collection":[{"href":"https:\/\/cooperativaredloslagos.cl\/wp-json\/wp\/v2\/posts"}],"about":[{"href":"https:\/\/cooperativaredloslagos.cl\/wp-json\/wp\/v2\/types\/post"}],"author":[{"embeddable":true,"href":"https:\/\/cooperativaredloslagos.cl\/wp-json\/wp\/v2\/users\/1"}],"replies":[{"embeddable":true,"href":"https:\/\/cooperativaredloslagos.cl\/wp-json\/wp\/v2\/comments?post=3846"}],"version-history":[{"count":1,"href":"https:\/\/cooperativaredloslagos.cl\/wp-json\/wp\/v2\/posts\/3846\/revisions"}],"predecessor-version":[{"id":3848,"href":"https:\/\/cooperativaredloslagos.cl\/wp-json\/wp\/v2\/posts\/3846\/revisions\/3848"}],"wp:featuredmedia":[{"embeddable":true,"href":"https:\/\/cooperativaredloslagos.cl\/wp-json\/wp\/v2\/media\/3847"}],"wp:attachment":[{"href":"https:\/\/cooperativaredloslagos.cl\/wp-json\/wp\/v2\/media?parent=3846"}],"wp:term":[{"taxonomy":"category","embeddable":true,"href":"https:\/\/cooperativaredloslagos.cl\/wp-json\/wp\/v2\/categories?post=3846"},{"taxonomy":"post_tag","embeddable":true,"href":"https:\/\/cooperativaredloslagos.cl\/wp-json\/wp\/v2\/tags?post=3846"}],"curies":[{"name":"wp","href":"https:\/\/api.w.org\/{rel}","templated":true}]}}