{"id":3911,"date":"2026-01-07T11:49:56","date_gmt":"2026-01-07T14:49:56","guid":{"rendered":"https:\/\/cooperativaredloslagos.cl\/?p=3911"},"modified":"2026-01-07T11:49:58","modified_gmt":"2026-01-07T14:49:58","slug":"escasez-hidrica-obliga-a-reforzar-abastecimiento-de-agua-con-camiones-aljibe-en-chiloe","status":"publish","type":"post","link":"https:\/\/cooperativaredloslagos.cl\/2026\/01\/07\/escasez-hidrica-obliga-a-reforzar-abastecimiento-de-agua-con-camiones-aljibe-en-chiloe\/","title":{"rendered":"Escasez h\u00eddrica obliga a reforzar abastecimiento de agua con camiones aljibe en Chilo\u00e9"},"content":{"rendered":"\n<p>La sequ\u00eda volvi\u00f3 a golpear con fuerza a la provincia de Chilo\u00e9, obligando a comunidades rurales a depender del suministro de agua mediante camiones aljibe, ante la disminuci\u00f3n y agotamiento de fuentes que abastecen a los sistemas de Agua Potable Rural (APR). En pleno per\u00edodo estival, el escenario se ha transformado en una realidad cotidiana para cientos de familias del Archipi\u00e9lago.<\/p>\n\n\n\n<p>Frente a esta situaci\u00f3n, el Gobierno activ\u00f3 un plan de emergencia para asegurar el acceso al recurso h\u00eddrico. Ocho de las diez comunas de la provincia solicitaron formalmente apoyo, reflejando la magnitud de la crisis. El delegado presidencial de Chilo\u00e9, Marcelo Malague\u00f1o, explic\u00f3 que el primer proceso de licitaci\u00f3n fue declarado desierto por incumplimientos administrativos, lo que retras\u00f3 el inicio del abastecimiento.<\/p>\n\n\n\n<p>Posteriormente, mediante una licitaci\u00f3n privada, las comunas de Ancud y Quinchao lograron adjudicar el servicio, permitiendo comenzar la distribuci\u00f3n de agua en sectores rurales. En tanto, para las seis comunas restantes, el suministro se encuentra en proceso de evaluaci\u00f3n bajo la modalidad de trato directo a trav\u00e9s del Portal de Compras P\u00fablicas.<\/p>\n\n\n\n<p>Los contratos tendr\u00e1n una vigencia inicial de 90 d\u00edas, hasta marzo, amparados en el decreto de escasez h\u00eddrica vigente, con la posibilidad de extenderse si la sequ\u00eda persiste. El monitoreo de la situaci\u00f3n est\u00e1 a cargo del Ministerio de Obras P\u00fablicas y la Direcci\u00f3n General de Aguas, con el objetivo de evitar que la falta de agua siga profundizando el impacto social y productivo en las zonas rurales del Archipi\u00e9lago.<\/p>\n","protected":false},"excerpt":{"rendered":"<p>La sequ\u00eda volvi\u00f3 a golpear con fuerza a la provincia de Chilo\u00e9, obligando a comunidades rurales a depender del suministro de agua mediante camiones aljibe, [&hellip;]<\/p>\n","protected":false},"author":1,"featured_media":3912,"comment_status":"closed","ping_status":"closed","sticky":false,"template":"","format":"standard","meta":{"_monsterinsights_skip_tracking":false,"_monsterinsights_sitenote_active":false,"_monsterinsights_sitenote_note":"","_monsterinsights_sitenote_category":0,"footnotes":""},"categories":[29,27],"tags":[],"class_list":["post-3911","post","type-post","status-publish","format-standard","has-post-thumbnail","hentry","category-chiloe","category-educacion"],"_links":{"self":[{"href":"https:\/\/cooperativaredloslagos.cl\/wp-json\/wp\/v2\/posts\/3911","targetHints":{"allow":["GET"]}}],"collection":[{"href":"https:\/\/cooperativaredloslagos.cl\/wp-json\/wp\/v2\/posts"}],"about":[{"href":"https:\/\/cooperativaredloslagos.cl\/wp-json\/wp\/v2\/types\/post"}],"author":[{"embeddable":true,"href":"https:\/\/cooperativaredloslagos.cl\/wp-json\/wp\/v2\/users\/1"}],"replies":[{"embeddable":true,"href":"https:\/\/cooperativaredloslagos.cl\/wp-json\/wp\/v2\/comments?post=3911"}],"version-history":[{"count":1,"href":"https:\/\/cooperativaredloslagos.cl\/wp-json\/wp\/v2\/posts\/3911\/revisions"}],"predecessor-version":[{"id":3913,"href":"https:\/\/cooperativaredloslagos.cl\/wp-json\/wp\/v2\/posts\/3911\/revisions\/3913"}],"wp:featuredmedia":[{"embeddable":true,"href":"https:\/\/cooperativaredloslagos.cl\/wp-json\/wp\/v2\/media\/3912"}],"wp:attachment":[{"href":"https:\/\/cooperativaredloslagos.cl\/wp-json\/wp\/v2\/media?parent=3911"}],"wp:term":[{"taxonomy":"category","embeddable":true,"href":"https:\/\/cooperativaredloslagos.cl\/wp-json\/wp\/v2\/categories?post=3911"},{"taxonomy":"post_tag","embeddable":true,"href":"https:\/\/cooperativaredloslagos.cl\/wp-json\/wp\/v2\/tags?post=3911"}],"curies":[{"name":"wp","href":"https:\/\/api.w.org\/{rel}","templated":true}]}}