{"id":4007,"date":"2026-01-09T15:02:12","date_gmt":"2026-01-09T18:02:12","guid":{"rendered":"https:\/\/cooperativaredloslagos.cl\/?p=4007"},"modified":"2026-01-09T15:02:13","modified_gmt":"2026-01-09T18:02:13","slug":"puerto-varas-declara-un-nuevo-humedal-urbano","status":"publish","type":"post","link":"https:\/\/cooperativaredloslagos.cl\/2026\/01\/09\/puerto-varas-declara-un-nuevo-humedal-urbano\/","title":{"rendered":"Puerto Varas declara un nuevo humedal urbano"},"content":{"rendered":"\n<p>Puerto Varas volvi\u00f3 a sumar un punto clave a su mapa ambiental. Con la visita de la ministra del Medio Ambiente, Maisa Rojas, la comuna oficializ\u00f3 la declaraci\u00f3n del humedal urbano La Gruta, convirti\u00e9ndose en el cuarto ecosistema de este tipo protegido en la ciudad y el n\u00famero 28 en la Regi\u00f3n de Los Lagos.<\/p>\n\n\n\n<p>El anuncio se realiz\u00f3 en terreno, junto a autoridades regionales, municipales y representantes de la comunidad educativa, marcando un nuevo hito para una comuna que busca integrar la naturaleza al coraz\u00f3n urbano. A nivel nacional, La Gruta pasa a formar parte de los 142 humedales urbanos reconocidos bajo la Ley 21.202.<\/p>\n\n\n\n<p>Durante la jornada, la ministra destac\u00f3 el rol estrat\u00e9gico de este peque\u00f1o humedal palustre, al que defini\u00f3 como una \u201cesponja natural\u201d capaz de absorber el exceso de agua en periodos de lluvias intensas, una funci\u00f3n cada vez m\u00e1s relevante frente a los efectos del cambio clim\u00e1tico. En ese contexto, subray\u00f3 que los humedales urbanos son aliados clave para enfrentar la triple crisis ambiental: cambio clim\u00e1tico, p\u00e9rdida de biodiversidad y contaminaci\u00f3n.<\/p>\n\n\n\n<p>La visita incluy\u00f3 adem\u00e1s la presentaci\u00f3n del proyecto \u201cGuardianes de la Biodiversidad\u201d, financiado por el Fondo de Protecci\u00f3n Ambiental, que busca recuperar y poner en valor el humedal mediante senderos educativos y miradores, reforzando su uso pedag\u00f3gico y comunitario.<\/p>\n\n\n\n<p>Desde el municipio, el alcalde Tom\u00e1s G\u00e1rate reafirm\u00f3 la apuesta por avanzar hacia una \u201cbiodiverciudad\u201d, donde el desarrollo urbano conviva con la conservaci\u00f3n ambiental. En la misma l\u00ednea, autoridades regionales destacaron el trabajo colaborativo entre el Estado, el municipio y la comunidad para resguardar este nuevo pulm\u00f3n verde de la ciudad.<\/p>\n","protected":false},"excerpt":{"rendered":"<p>Puerto Varas volvi\u00f3 a sumar un punto clave a su mapa ambiental. Con la visita de la ministra del Medio Ambiente, Maisa Rojas, la comuna [&hellip;]<\/p>\n","protected":false},"author":1,"featured_media":4008,"comment_status":"closed","ping_status":"closed","sticky":false,"template":"","format":"standard","meta":{"_monsterinsights_skip_tracking":false,"_monsterinsights_sitenote_active":false,"_monsterinsights_sitenote_note":"","_monsterinsights_sitenote_category":0,"footnotes":""},"categories":[30],"tags":[],"class_list":["post-4007","post","type-post","status-publish","format-standard","has-post-thumbnail","hentry","category-puerto-varas"],"_links":{"self":[{"href":"https:\/\/cooperativaredloslagos.cl\/wp-json\/wp\/v2\/posts\/4007","targetHints":{"allow":["GET"]}}],"collection":[{"href":"https:\/\/cooperativaredloslagos.cl\/wp-json\/wp\/v2\/posts"}],"about":[{"href":"https:\/\/cooperativaredloslagos.cl\/wp-json\/wp\/v2\/types\/post"}],"author":[{"embeddable":true,"href":"https:\/\/cooperativaredloslagos.cl\/wp-json\/wp\/v2\/users\/1"}],"replies":[{"embeddable":true,"href":"https:\/\/cooperativaredloslagos.cl\/wp-json\/wp\/v2\/comments?post=4007"}],"version-history":[{"count":1,"href":"https:\/\/cooperativaredloslagos.cl\/wp-json\/wp\/v2\/posts\/4007\/revisions"}],"predecessor-version":[{"id":4009,"href":"https:\/\/cooperativaredloslagos.cl\/wp-json\/wp\/v2\/posts\/4007\/revisions\/4009"}],"wp:featuredmedia":[{"embeddable":true,"href":"https:\/\/cooperativaredloslagos.cl\/wp-json\/wp\/v2\/media\/4008"}],"wp:attachment":[{"href":"https:\/\/cooperativaredloslagos.cl\/wp-json\/wp\/v2\/media?parent=4007"}],"wp:term":[{"taxonomy":"category","embeddable":true,"href":"https:\/\/cooperativaredloslagos.cl\/wp-json\/wp\/v2\/categories?post=4007"},{"taxonomy":"post_tag","embeddable":true,"href":"https:\/\/cooperativaredloslagos.cl\/wp-json\/wp\/v2\/tags?post=4007"}],"curies":[{"name":"wp","href":"https:\/\/api.w.org\/{rel}","templated":true}]}}