{"id":4154,"date":"2026-01-22T13:40:55","date_gmt":"2026-01-22T16:40:55","guid":{"rendered":"https:\/\/cooperativaredloslagos.cl\/?p=4154"},"modified":"2026-01-22T13:40:56","modified_gmt":"2026-01-22T16:40:56","slug":"andes-salud-firma-convenio-safed-con-fonasa-para-atencion-gratuita-de-damnificados-por-incendios","status":"publish","type":"post","link":"https:\/\/cooperativaredloslagos.cl\/2026\/01\/22\/andes-salud-firma-convenio-safed-con-fonasa-para-atencion-gratuita-de-damnificados-por-incendios\/","title":{"rendered":"Andes Salud firma convenio SAFED con Fonasa para atenci\u00f3n gratuita de damnificados por incendios"},"content":{"rendered":"\n<p><em>La alianza p\u00fablico-privada permitir\u00e1 otorgar prestaciones ambulatorias sin costo a personas afectadas por incendios forestales en las regiones del Biob\u00edo y \u00d1uble, ampliando su alcance a Maule y Los Lagos.<\/em><\/p>\n\n\n\n<p>Andes Salud suscribi\u00f3 este mi\u00e9rcoles el convenio <strong>Sistema de Atenci\u00f3n de Fonasa para Emergencias y Desastres (SAFED)<\/strong> con <strong>Fonasa<\/strong>, iniciativa que busca fortalecer la respuesta sanitaria frente a emergencias, garantizando acceso oportuno y protecci\u00f3n financiera a personas damnificadas por los incendios forestales.<\/p>\n\n\n\n<p>La firma fue encabezada por la ministra de Salud, <strong>Ximena Aguilera<\/strong>, y el director nacional de Fonasa, <strong>Camilo Cid<\/strong>, y cont\u00f3 con la participaci\u00f3n de representantes de <strong>Andes Salud<\/strong>, quienes reafirmaron su compromiso con la atenci\u00f3n de las comunidades afectadas.<\/p>\n\n\n\n<p>El convenio SAFED permitir\u00e1 que beneficiarios de Fonasa de los tramos A, B, C y D, que cuenten con Ficha B\u00e1sica de Emergencia (FIBE), accedan a atenciones ambulatorias gratuitas en cl\u00ednicas y centros m\u00e9dicos de Andes Salud, operando como un complemento a la red p\u00fablica de salud mientras se mantenga vigente la alerta sanitaria, fijada hasta el 31 de marzo de 2026.<\/p>\n\n\n\n<p>Desde Fonasa, su director nacional explic\u00f3 que el objetivo del acuerdo es eliminar barreras de acceso, permitiendo que las familias damnificadas puedan atenderse de manera electiva o espont\u00e1nea sin incurrir en copagos. En tanto, desde Andes Salud destacaron que esta colaboraci\u00f3n permitir\u00e1 apoyar tanto a colaboradores afectados como a la comunidad regional en general.<\/p>\n\n\n\n<p>La implementaci\u00f3n del SAFED se iniciar\u00e1 una vez consolidados los catastros oficiales de personas damnificadas con FIBE, proceso a cargo del Ministerio de Desarrollo Social y Familia, mientras que Fonasa informar\u00e1 oportunamente el inicio de las prestaciones a trav\u00e9s de sus canales oficiales.<\/p>\n","protected":false},"excerpt":{"rendered":"<p>La alianza p\u00fablico-privada permitir\u00e1 otorgar prestaciones ambulatorias sin costo a personas afectadas por incendios forestales en las regiones del Biob\u00edo y \u00d1uble, ampliando su alcance [&hellip;]<\/p>\n","protected":false},"author":1,"featured_media":4155,"comment_status":"closed","ping_status":"closed","sticky":false,"template":"","format":"standard","meta":{"_monsterinsights_skip_tracking":false,"_monsterinsights_sitenote_active":false,"_monsterinsights_sitenote_note":"","_monsterinsights_sitenote_category":0,"footnotes":""},"categories":[24,17,16],"tags":[],"class_list":["post-4154","post","type-post","status-publish","format-standard","has-post-thumbnail","hentry","category-nacional","category-puerto-montt","category-salud"],"_links":{"self":[{"href":"https:\/\/cooperativaredloslagos.cl\/wp-json\/wp\/v2\/posts\/4154","targetHints":{"allow":["GET"]}}],"collection":[{"href":"https:\/\/cooperativaredloslagos.cl\/wp-json\/wp\/v2\/posts"}],"about":[{"href":"https:\/\/cooperativaredloslagos.cl\/wp-json\/wp\/v2\/types\/post"}],"author":[{"embeddable":true,"href":"https:\/\/cooperativaredloslagos.cl\/wp-json\/wp\/v2\/users\/1"}],"replies":[{"embeddable":true,"href":"https:\/\/cooperativaredloslagos.cl\/wp-json\/wp\/v2\/comments?post=4154"}],"version-history":[{"count":1,"href":"https:\/\/cooperativaredloslagos.cl\/wp-json\/wp\/v2\/posts\/4154\/revisions"}],"predecessor-version":[{"id":4156,"href":"https:\/\/cooperativaredloslagos.cl\/wp-json\/wp\/v2\/posts\/4154\/revisions\/4156"}],"wp:featuredmedia":[{"embeddable":true,"href":"https:\/\/cooperativaredloslagos.cl\/wp-json\/wp\/v2\/media\/4155"}],"wp:attachment":[{"href":"https:\/\/cooperativaredloslagos.cl\/wp-json\/wp\/v2\/media?parent=4154"}],"wp:term":[{"taxonomy":"category","embeddable":true,"href":"https:\/\/cooperativaredloslagos.cl\/wp-json\/wp\/v2\/categories?post=4154"},{"taxonomy":"post_tag","embeddable":true,"href":"https:\/\/cooperativaredloslagos.cl\/wp-json\/wp\/v2\/tags?post=4154"}],"curies":[{"name":"wp","href":"https:\/\/api.w.org\/{rel}","templated":true}]}}