{"id":4376,"date":"2026-02-09T08:49:39","date_gmt":"2026-02-09T11:49:39","guid":{"rendered":"https:\/\/cooperativaredloslagos.cl\/?p=4376"},"modified":"2026-02-09T08:49:41","modified_gmt":"2026-02-09T11:49:41","slug":"elizalde-llama-a-ponerse-la-camiseta-del-pais-para-respaldar-candidatura-de-michelle-bachelet-a-la-onu","status":"publish","type":"post","link":"https:\/\/cooperativaredloslagos.cl\/2026\/02\/09\/elizalde-llama-a-ponerse-la-camiseta-del-pais-para-respaldar-candidatura-de-michelle-bachelet-a-la-onu\/","title":{"rendered":"Elizalde llama a \u201cponerse la camiseta del pa\u00eds\u201d para respaldar candidatura de Michelle Bachelet a la ONU"},"content":{"rendered":"\n<p>El ministro del Interior destac\u00f3 la trayectoria y el prestigio internacional de la expresidenta, mientras desde el Gobierno reforzaron el llamado a un apoyo transversal para su postulaci\u00f3n a la Secretar\u00eda General de Naciones Unidas.<\/p>\n\n\n\n<p>El ministro del Interior, <strong>\u00c1lvaro Elizalde<\/strong>, llam\u00f3 a \u201cponerse la camiseta del pa\u00eds\u201d para respaldar la candidatura de la expresidenta <strong>Michelle Bachelet<\/strong> a la Secretar\u00eda General de la <strong>Organizaci\u00f3n de las Naciones Unidas<\/strong>, subrayando que se trata de una oportunidad hist\u00f3rica para Chile.<\/p>\n\n\n\n<p>En entrevista con Chilevisi\u00f3n, Elizalde destac\u00f3 la trayectoria de la exmandataria, recordando que fue dos veces presidenta de la Rep\u00fablica y que cuenta con una amplia experiencia internacional, tras haber sido convocada en dos ocasiones por secretarios generales de la ONU para desempe\u00f1ar funciones de alto nivel en ONU Mujeres y como Alta Comisionada para los Derechos Humanos.<\/p>\n\n\n\n<p>El titular de Interior sostuvo que ese recorrido explica el respaldo internacional que ha recibido la postulaci\u00f3n chilena, especialmente por parte de M\u00e9xico y Brasil, y plante\u00f3 que el pa\u00eds debiera aprovechar la posibilidad de que una compatriota asuma la m\u00e1xima autoridad del organismo multilateral. \u201cAqu\u00ed lo importante es lo que es bueno para Chile\u201d, afirm\u00f3, evitando referirse directamente a las cr\u00edticas de la oposici\u00f3n.<\/p>\n\n\n\n<p>El llamado a respaldar la candidatura fue reforzado por la ministra vocera de Gobierno, <strong>Camila Vallejo<\/strong>, quien se\u00f1al\u00f3 que esta postulaci\u00f3n representa una oportunidad in\u00e9dita para el pa\u00eds. En tanto, la subsecretaria de Relaciones Exteriores, Gloria de la Fuente, afirm\u00f3 que la iniciativa no fue improvisada y que responde a un trabajo sostenido de posicionamiento internacional.<\/p>\n\n\n\n<p>Desde el Ejecutivo recalcaron que la candidatura de Bachelet cuenta con un amplio reconocimiento fuera de Chile y que su eventual elecci\u00f3n tendr\u00eda un impacto relevante no solo para el pa\u00eds, sino tambi\u00e9n para Am\u00e9rica Latina, reforzando la presencia de la regi\u00f3n en los principales espacios de gobernanza global.<\/p>\n","protected":false},"excerpt":{"rendered":"<p>El ministro del Interior destac\u00f3 la trayectoria y el prestigio internacional de la expresidenta, mientras desde el Gobierno reforzaron el llamado a un apoyo transversal [&hellip;]<\/p>\n","protected":false},"author":1,"featured_media":4377,"comment_status":"closed","ping_status":"closed","sticky":false,"template":"","format":"standard","meta":{"_monsterinsights_skip_tracking":false,"_monsterinsights_sitenote_active":false,"_monsterinsights_sitenote_note":"","_monsterinsights_sitenote_category":0,"footnotes":""},"categories":[24,6],"tags":[],"class_list":["post-4376","post","type-post","status-publish","format-standard","has-post-thumbnail","hentry","category-nacional","category-politics"],"_links":{"self":[{"href":"https:\/\/cooperativaredloslagos.cl\/wp-json\/wp\/v2\/posts\/4376","targetHints":{"allow":["GET"]}}],"collection":[{"href":"https:\/\/cooperativaredloslagos.cl\/wp-json\/wp\/v2\/posts"}],"about":[{"href":"https:\/\/cooperativaredloslagos.cl\/wp-json\/wp\/v2\/types\/post"}],"author":[{"embeddable":true,"href":"https:\/\/cooperativaredloslagos.cl\/wp-json\/wp\/v2\/users\/1"}],"replies":[{"embeddable":true,"href":"https:\/\/cooperativaredloslagos.cl\/wp-json\/wp\/v2\/comments?post=4376"}],"version-history":[{"count":1,"href":"https:\/\/cooperativaredloslagos.cl\/wp-json\/wp\/v2\/posts\/4376\/revisions"}],"predecessor-version":[{"id":4378,"href":"https:\/\/cooperativaredloslagos.cl\/wp-json\/wp\/v2\/posts\/4376\/revisions\/4378"}],"wp:featuredmedia":[{"embeddable":true,"href":"https:\/\/cooperativaredloslagos.cl\/wp-json\/wp\/v2\/media\/4377"}],"wp:attachment":[{"href":"https:\/\/cooperativaredloslagos.cl\/wp-json\/wp\/v2\/media?parent=4376"}],"wp:term":[{"taxonomy":"category","embeddable":true,"href":"https:\/\/cooperativaredloslagos.cl\/wp-json\/wp\/v2\/categories?post=4376"},{"taxonomy":"post_tag","embeddable":true,"href":"https:\/\/cooperativaredloslagos.cl\/wp-json\/wp\/v2\/tags?post=4376"}],"curies":[{"name":"wp","href":"https:\/\/api.w.org\/{rel}","templated":true}]}}