{"id":4382,"date":"2026-02-09T09:00:08","date_gmt":"2026-02-09T12:00:08","guid":{"rendered":"https:\/\/cooperativaredloslagos.cl\/?p=4382"},"modified":"2026-02-09T09:00:10","modified_gmt":"2026-02-09T12:00:10","slug":"arredondo-respondio-a-la-udi-por-fondos-culturales-y-acusa-intento-de-justificar-recortes-en-cultura","status":"publish","type":"post","link":"https:\/\/cooperativaredloslagos.cl\/2026\/02\/09\/arredondo-respondio-a-la-udi-por-fondos-culturales-y-acusa-intento-de-justificar-recortes-en-cultura\/","title":{"rendered":"Arredondo respondi\u00f3 a la UDI por fondos culturales y acusa intento de justificar recortes en cultura"},"content":{"rendered":"\n<p>La ministra de las Culturas defendi\u00f3 el sistema de asignaci\u00f3n de recursos y recalc\u00f3 que la evaluaci\u00f3n de los proyectos no es atribuci\u00f3n de las autoridades pol\u00edticas.<\/p>\n\n\n\n<p>La ministra de las Culturas, las Artes y el Patrimonio, <strong>Carolina Arredondo<\/strong>, respondi\u00f3 a los cuestionamientos formulados por la <strong>Uni\u00f3n Dem\u00f3crata Independiente<\/strong> tras la pol\u00e9mica por el financiamiento estatal superior a $64 millones otorgado a un evento catalogado por la oposici\u00f3n como \u201cfestival porno\u201d.<\/p>\n\n\n\n<p>Desde la UDI, parlamentarios exigieron la salida de la secretaria de Estado y emplazaron al Presidente <strong>Gabriel Boric<\/strong> a pronunciarse sobre el caso, abriendo un nuevo flanco de tensi\u00f3n entre el oficialismo y la oposici\u00f3n en torno al uso de recursos p\u00fablicos en cultura.<\/p>\n\n\n\n<p>A trav\u00e9s de su cuenta en X, Arredondo defendi\u00f3 el mecanismo de asignaci\u00f3n de fondos culturales y aclar\u00f3 que no es parte de las facultades ministeriales evaluar o decidir qu\u00e9 proyectos reciben financiamiento. En esa l\u00ednea, sostuvo que los procesos se rigen por bases t\u00e9cnicas y evaluaciones independientes.<\/p>\n\n\n\n<p>La ministra fue m\u00e1s all\u00e1 y apunt\u00f3 a motivaciones pol\u00edticas detr\u00e1s de las cr\u00edticas, se\u00f1alando que \u201calgunos vienen a cuestionarlo todo para intentar quitar recursos y justificar recortes en cultura\u201d, en alusi\u00f3n directa a sectores de la oposici\u00f3n.<\/p>\n\n\n\n<p>Desde el Ministerio recalcaron que los fondos concursables cuentan con procedimientos establecidos y que las autoridades no intervienen en la evaluaci\u00f3n de contenidos, subrayando que el debate de fondo apunta a la defensa del financiamiento cultural frente a eventuales intentos de reducci\u00f3n presupuestaria.<\/p>\n","protected":false},"excerpt":{"rendered":"<p>La ministra de las Culturas defendi\u00f3 el sistema de asignaci\u00f3n de recursos y recalc\u00f3 que la evaluaci\u00f3n de los proyectos no es atribuci\u00f3n de las [&hellip;]<\/p>\n","protected":false},"author":1,"featured_media":4383,"comment_status":"closed","ping_status":"closed","sticky":false,"template":"","format":"standard","meta":{"_monsterinsights_skip_tracking":false,"_monsterinsights_sitenote_active":false,"_monsterinsights_sitenote_note":"","_monsterinsights_sitenote_category":0,"footnotes":""},"categories":[32,24,6],"tags":[],"class_list":["post-4382","post","type-post","status-publish","format-standard","has-post-thumbnail","hentry","category-cultura","category-nacional","category-politics"],"_links":{"self":[{"href":"https:\/\/cooperativaredloslagos.cl\/wp-json\/wp\/v2\/posts\/4382","targetHints":{"allow":["GET"]}}],"collection":[{"href":"https:\/\/cooperativaredloslagos.cl\/wp-json\/wp\/v2\/posts"}],"about":[{"href":"https:\/\/cooperativaredloslagos.cl\/wp-json\/wp\/v2\/types\/post"}],"author":[{"embeddable":true,"href":"https:\/\/cooperativaredloslagos.cl\/wp-json\/wp\/v2\/users\/1"}],"replies":[{"embeddable":true,"href":"https:\/\/cooperativaredloslagos.cl\/wp-json\/wp\/v2\/comments?post=4382"}],"version-history":[{"count":1,"href":"https:\/\/cooperativaredloslagos.cl\/wp-json\/wp\/v2\/posts\/4382\/revisions"}],"predecessor-version":[{"id":4384,"href":"https:\/\/cooperativaredloslagos.cl\/wp-json\/wp\/v2\/posts\/4382\/revisions\/4384"}],"wp:featuredmedia":[{"embeddable":true,"href":"https:\/\/cooperativaredloslagos.cl\/wp-json\/wp\/v2\/media\/4383"}],"wp:attachment":[{"href":"https:\/\/cooperativaredloslagos.cl\/wp-json\/wp\/v2\/media?parent=4382"}],"wp:term":[{"taxonomy":"category","embeddable":true,"href":"https:\/\/cooperativaredloslagos.cl\/wp-json\/wp\/v2\/categories?post=4382"},{"taxonomy":"post_tag","embeddable":true,"href":"https:\/\/cooperativaredloslagos.cl\/wp-json\/wp\/v2\/tags?post=4382"}],"curies":[{"name":"wp","href":"https:\/\/api.w.org\/{rel}","templated":true}]}}