{"id":4392,"date":"2026-02-09T22:54:39","date_gmt":"2026-02-10T01:54:39","guid":{"rendered":"https:\/\/cooperativaredloslagos.cl\/?p=4392"},"modified":"2026-02-09T22:54:41","modified_gmt":"2026-02-10T01:54:41","slug":"concejo-entrega-este-martes-reconocimientos-a-hijo-ilustre-y-ciudadanos-destacados-de-puerto-montt-2026","status":"publish","type":"post","link":"https:\/\/cooperativaredloslagos.cl\/2026\/02\/09\/concejo-entrega-este-martes-reconocimientos-a-hijo-ilustre-y-ciudadanos-destacados-de-puerto-montt-2026\/","title":{"rendered":"Concejo entrega este martes reconocimientos a hijo ilustre y ciudadanos destacados de Puerto Montt 2026"},"content":{"rendered":"\n<p>El premio a esfuerzos personales que han derivado en significativos aportes a la ciudad de Puerto Montt y a sus vecinos -a la par de destacar una labor muchas veces an\u00f3nima- fueron los fundamentos para entregar los reconocimientos al nuevo Hijo Ilustre y Ciudadanos Destacados 2026, correspondiente al aniversario 173 desde la fundaci\u00f3n de nuestra ciudad y que se determinara en sesi\u00f3n del Concejo Municipal.<br>La ceremonia se realizar\u00e1 a las 16.30 horas en el Teatro Municipal Diego Rivera.<\/p>\n\n\n\n<p>HIJO ILUSTRE<\/p>\n\n\n\n<p>De esta forma, recibir\u00e1n sus distinciones como Hijo Ilustre el m\u00e9dico, acad\u00e9mico y ex Ministro de Salud Enrique Par\u00eds Mancilla, quien lider\u00f3 el combate y control de la pandemia en su inicio y etapa m\u00e1s cr\u00edtica, hasta 2022. Su trabajo fue reconocido entre los mejores del mundo en el manejo de la crisis sanitaria.<\/p>\n\n\n\n<p>En tanto, como ciudadanos destacados ser\u00e1n honrados Silvia del Carmen Mu\u00f1oz, oriunda de Ancud y quien ingres\u00f3 a la Cruz Roja Chilena en 1969, iniciando un camino que ya supera el medio siglo, marcado por el liderazgo y el trabajo directo con las personas.<\/p>\n\n\n\n<p><br>Tambi\u00e9n lo ser\u00e1 Luisa Barril Villalobos, quien naci\u00f3 en Puerto Montt y se define como \u201ctenglina\u201d ya que en la Isla Tenglo encontr\u00f3 su refugio. A los 89 a\u00f1os public\u00f3 su primer libro de poemas: \u201cPensares y Pareceres\u201d (2019). A los 91 public\u00f3 el libro de cuentos cortos \u201cEl Ba\u00fal de los recuerdos\u201d (2021) y desde 2023 prepara su siguiente libro titulado \u201cNonagenaria\u201d.<\/p>\n\n\n\n<p><br>Se suma el docente Eugenio Gonz\u00e1lez Oyarz\u00fan, oriundo de Corral y quien lleg\u00f3 a Puerto Montt a los 14 a\u00f1os para seguir sus estudios en el Liceo de Hombres Manuel Montt, establecimiento en el que estuvo durante medio siglo. Primero, como profesor de Historia y Geograf\u00eda; y luego como rector desde 2006 hasta 2022.<\/p>\n","protected":false},"excerpt":{"rendered":"<p>El premio a esfuerzos personales que han derivado en significativos aportes a la ciudad de Puerto Montt y a sus vecinos -a la par de [&hellip;]<\/p>\n","protected":false},"author":1,"featured_media":4393,"comment_status":"closed","ping_status":"closed","sticky":false,"template":"","format":"standard","meta":{"_monsterinsights_skip_tracking":false,"_monsterinsights_sitenote_active":false,"_monsterinsights_sitenote_note":"","_monsterinsights_sitenote_category":0,"footnotes":""},"categories":[17,4],"tags":[],"class_list":["post-4392","post","type-post","status-publish","format-standard","has-post-thumbnail","hentry","category-puerto-montt","category-lifestyle"],"_links":{"self":[{"href":"https:\/\/cooperativaredloslagos.cl\/wp-json\/wp\/v2\/posts\/4392","targetHints":{"allow":["GET"]}}],"collection":[{"href":"https:\/\/cooperativaredloslagos.cl\/wp-json\/wp\/v2\/posts"}],"about":[{"href":"https:\/\/cooperativaredloslagos.cl\/wp-json\/wp\/v2\/types\/post"}],"author":[{"embeddable":true,"href":"https:\/\/cooperativaredloslagos.cl\/wp-json\/wp\/v2\/users\/1"}],"replies":[{"embeddable":true,"href":"https:\/\/cooperativaredloslagos.cl\/wp-json\/wp\/v2\/comments?post=4392"}],"version-history":[{"count":1,"href":"https:\/\/cooperativaredloslagos.cl\/wp-json\/wp\/v2\/posts\/4392\/revisions"}],"predecessor-version":[{"id":4394,"href":"https:\/\/cooperativaredloslagos.cl\/wp-json\/wp\/v2\/posts\/4392\/revisions\/4394"}],"wp:featuredmedia":[{"embeddable":true,"href":"https:\/\/cooperativaredloslagos.cl\/wp-json\/wp\/v2\/media\/4393"}],"wp:attachment":[{"href":"https:\/\/cooperativaredloslagos.cl\/wp-json\/wp\/v2\/media?parent=4392"}],"wp:term":[{"taxonomy":"category","embeddable":true,"href":"https:\/\/cooperativaredloslagos.cl\/wp-json\/wp\/v2\/categories?post=4392"},{"taxonomy":"post_tag","embeddable":true,"href":"https:\/\/cooperativaredloslagos.cl\/wp-json\/wp\/v2\/tags?post=4392"}],"curies":[{"name":"wp","href":"https:\/\/api.w.org\/{rel}","templated":true}]}}