{"id":4450,"date":"2026-02-17T20:39:49","date_gmt":"2026-02-17T23:39:49","guid":{"rendered":"https:\/\/cooperativaredloslagos.cl\/?p=4450"},"modified":"2026-02-17T20:39:51","modified_gmt":"2026-02-17T23:39:51","slug":"congreso-peruano-destituye-al-presidente-interino-jose-jeri-y-dejo-vacante-el-cargo","status":"publish","type":"post","link":"https:\/\/cooperativaredloslagos.cl\/2026\/02\/17\/congreso-peruano-destituye-al-presidente-interino-jose-jeri-y-dejo-vacante-el-cargo\/","title":{"rendered":"Congreso peruano destituye al presidente interino Jos\u00e9 Jer\u00ed y dej\u00f3 vacante el cargo"},"content":{"rendered":"\n<p><em>El pa\u00eds deber\u00e1 elegir un nuevo mandatario provisional a solo dos meses de las elecciones generales.<\/em><\/p>\n\n\n\n<p>El Congreso de Per\u00fa aprob\u00f3 este martes una moci\u00f3n de censura contra el presidente interino Jos\u00e9 Jer\u00ed, apenas cuatro meses despu\u00e9s de haber asumido el cargo.<\/p>\n\n\n\n<p>La medida fue respaldada por <strong>75 votos a favor y 24 en contra<\/strong>, lo que provoc\u00f3 la vacancia inmediata del puesto.<br>\u201cEl Congreso declara la vacancia del cargo de Presidente de la Rep\u00fablica\u201d, inform\u00f3 el titular encargado del Parlamento, Fernando Rospigliosi.<\/p>\n\n\n\n<p>Tras la decisi\u00f3n, los jefes de bancada deber\u00e1n acordar una lista de candidatos para elegir a un nuevo presidente interino en una votaci\u00f3n programada para este mi\u00e9rcoles.<\/p>\n\n\n\n<p>Jer\u00ed, de 39 a\u00f1os, hab\u00eda asumido el poder en octubre tras la destituci\u00f3n de la presidenta Dina Boluarte. Sin embargo, su gesti\u00f3n qued\u00f3 marcada por cuestionamientos debido a reuniones no oficiales con empresarios chinos, una de ellas realizada encapuchado, lo que motiv\u00f3 una investigaci\u00f3n fiscal por presunto tr\u00e1fico de influencias.<\/p>\n\n\n\n<p>El mandatario opt\u00f3 por no asistir a la sesi\u00f3n de censura, argumentando que el procedimiento no contemplaba derecho a defensa.<\/p>\n\n\n\n<p>Con este episodio, Per\u00fa suma su <strong>octavo cambio de jefe de Estado en menos de diez a\u00f1os<\/strong>, profundizando la crisis pol\u00edtica en la antesala de las elecciones de abril.<\/p>\n","protected":false},"excerpt":{"rendered":"<p>El pa\u00eds deber\u00e1 elegir un nuevo mandatario provisional a solo dos meses de las elecciones generales. El Congreso de Per\u00fa aprob\u00f3 este martes una moci\u00f3n [&hellip;]<\/p>\n","protected":false},"author":1,"featured_media":4451,"comment_status":"closed","ping_status":"closed","sticky":false,"template":"","format":"standard","meta":{"_monsterinsights_skip_tracking":false,"_monsterinsights_sitenote_active":false,"_monsterinsights_sitenote_note":"","_monsterinsights_sitenote_category":0,"footnotes":""},"categories":[39,6],"tags":[],"class_list":["post-4450","post","type-post","status-publish","format-standard","has-post-thumbnail","hentry","category-mundo","category-politics"],"_links":{"self":[{"href":"https:\/\/cooperativaredloslagos.cl\/wp-json\/wp\/v2\/posts\/4450","targetHints":{"allow":["GET"]}}],"collection":[{"href":"https:\/\/cooperativaredloslagos.cl\/wp-json\/wp\/v2\/posts"}],"about":[{"href":"https:\/\/cooperativaredloslagos.cl\/wp-json\/wp\/v2\/types\/post"}],"author":[{"embeddable":true,"href":"https:\/\/cooperativaredloslagos.cl\/wp-json\/wp\/v2\/users\/1"}],"replies":[{"embeddable":true,"href":"https:\/\/cooperativaredloslagos.cl\/wp-json\/wp\/v2\/comments?post=4450"}],"version-history":[{"count":1,"href":"https:\/\/cooperativaredloslagos.cl\/wp-json\/wp\/v2\/posts\/4450\/revisions"}],"predecessor-version":[{"id":4452,"href":"https:\/\/cooperativaredloslagos.cl\/wp-json\/wp\/v2\/posts\/4450\/revisions\/4452"}],"wp:featuredmedia":[{"embeddable":true,"href":"https:\/\/cooperativaredloslagos.cl\/wp-json\/wp\/v2\/media\/4451"}],"wp:attachment":[{"href":"https:\/\/cooperativaredloslagos.cl\/wp-json\/wp\/v2\/media?parent=4450"}],"wp:term":[{"taxonomy":"category","embeddable":true,"href":"https:\/\/cooperativaredloslagos.cl\/wp-json\/wp\/v2\/categories?post=4450"},{"taxonomy":"post_tag","embeddable":true,"href":"https:\/\/cooperativaredloslagos.cl\/wp-json\/wp\/v2\/tags?post=4450"}],"curies":[{"name":"wp","href":"https:\/\/api.w.org\/{rel}","templated":true}]}}