{"id":4457,"date":"2026-02-18T21:48:30","date_gmt":"2026-02-19T00:48:30","guid":{"rendered":"https:\/\/cooperativaredloslagos.cl\/?p=4457"},"modified":"2026-02-18T21:49:30","modified_gmt":"2026-02-19T00:49:30","slug":"dos-personas-fueron-detenidas-por-agredir-a-guardia-del-terminal-de-buses","status":"publish","type":"post","link":"https:\/\/cooperativaredloslagos.cl\/2026\/02\/18\/dos-personas-fueron-detenidas-por-agredir-a-guardia-del-terminal-de-buses\/","title":{"rendered":"Dos personas fueron detenidas por agredir a guardia del Terminal de Buses"},"content":{"rendered":"\n<p>Dos personas, una mujer y un hombre, fueron detenidas por Carabineros luego de generar desmanes en el Terminal de Buses y agredir violentamente a una guardia del recinto.<\/p>\n\n\n\n<p>Los hechos ocurrieron la noche del martes cuando el personal de seguridad del rodoviario fue alertado de que una pareja, presumiblemente bajo los efectos del alcohol y drogas, insultaba a los usuarios e intentaba vandalizar los buses de turismo que la Municipalidad de Puerto Montt contrat\u00f3 para dar un servicio gratuito a la comunidad.<\/p>\n\n\n\n<p>Al fiscalizar la situaci\u00f3n, la mujer agredi\u00f3 con golpes de pies y pu\u00f1os a la funcionaria, quien pese a tratar de defenderse fue arrastrada por la losa del recinto.<\/p>\n\n\n\n<p>Los equipos de Seguridad P\u00fablica municipal se hicieron presentes r\u00e1pidamente en el lugar, y posibilitaron la detenci\u00f3n de los dos individuos.<\/p>\n\n\n\n<p>El alcalde de Puerto Montt, Rodrigo Wainraihgt, conden\u00f3 el hecho y anunci\u00f3 que la Unidad Penal Municipal se querellar\u00e1 contra los dos agresores.<\/p>\n\n\n\n<p>\u201cCondenamos el hecho ocurrido en nuestro Terminal de Buses, donde dos individuos empezaron a ocasionar da\u00f1os en nuestros buses tur\u00edsticos y posteriormente produjeron lesiones a una de las guardias del terminal de buses. Esto nosotros de la Municipalidad de Puerto Montt no lo vamos a tolerar, y ya he encomendado a la Unidad Penal Municipal que presente una querella criminal, tanto por el da\u00f1o que se ocasion\u00f3 a los buses como tambi\u00e9n por las lesiones ocasionadas a esta guardia\u201d, manifest\u00f3.<\/p>\n\n\n\n<p>El jefe comunal destac\u00f3 el sistema de c\u00e1maras con que cuenta el Terminal de Buses, que permiti\u00f3 captar a la pareja que causaba desmanes, \u201cy tambi\u00e9n la inmediata acci\u00f3n de los guardias de seguridad, como de los guardias municipales que pudieron detener a estas personas\u201d.<\/p>\n\n\n\n<p>Las c\u00e1maras de seguridad y los guardias privados son parte del nuevo trato del municipio con la administraci\u00f3n del Terminal de Buses, que implica una serie de mejoras con foco en la prevenci\u00f3n de actos delictivos, agresiones e incivilidades, con el objetivo de brindar un mejor servicio a los usuarios.<\/p>\n","protected":false},"excerpt":{"rendered":"<p>Dos personas, una mujer y un hombre, fueron detenidas por Carabineros luego de generar desmanes en el Terminal de Buses y agredir violentamente a una [&hellip;]<\/p>\n","protected":false},"author":1,"featured_media":4458,"comment_status":"closed","ping_status":"closed","sticky":false,"template":"","format":"standard","meta":{"_monsterinsights_skip_tracking":false,"_monsterinsights_sitenote_active":false,"_monsterinsights_sitenote_note":"","_monsterinsights_sitenote_category":0,"footnotes":""},"categories":[28,17,15],"tags":[],"class_list":["post-4457","post","type-post","status-publish","format-standard","has-post-thumbnail","hentry","category-policial","category-puerto-montt","category-regional"],"_links":{"self":[{"href":"https:\/\/cooperativaredloslagos.cl\/wp-json\/wp\/v2\/posts\/4457","targetHints":{"allow":["GET"]}}],"collection":[{"href":"https:\/\/cooperativaredloslagos.cl\/wp-json\/wp\/v2\/posts"}],"about":[{"href":"https:\/\/cooperativaredloslagos.cl\/wp-json\/wp\/v2\/types\/post"}],"author":[{"embeddable":true,"href":"https:\/\/cooperativaredloslagos.cl\/wp-json\/wp\/v2\/users\/1"}],"replies":[{"embeddable":true,"href":"https:\/\/cooperativaredloslagos.cl\/wp-json\/wp\/v2\/comments?post=4457"}],"version-history":[{"count":1,"href":"https:\/\/cooperativaredloslagos.cl\/wp-json\/wp\/v2\/posts\/4457\/revisions"}],"predecessor-version":[{"id":4459,"href":"https:\/\/cooperativaredloslagos.cl\/wp-json\/wp\/v2\/posts\/4457\/revisions\/4459"}],"wp:featuredmedia":[{"embeddable":true,"href":"https:\/\/cooperativaredloslagos.cl\/wp-json\/wp\/v2\/media\/4458"}],"wp:attachment":[{"href":"https:\/\/cooperativaredloslagos.cl\/wp-json\/wp\/v2\/media?parent=4457"}],"wp:term":[{"taxonomy":"category","embeddable":true,"href":"https:\/\/cooperativaredloslagos.cl\/wp-json\/wp\/v2\/categories?post=4457"},{"taxonomy":"post_tag","embeddable":true,"href":"https:\/\/cooperativaredloslagos.cl\/wp-json\/wp\/v2\/tags?post=4457"}],"curies":[{"name":"wp","href":"https:\/\/api.w.org\/{rel}","templated":true}]}}