{"id":4463,"date":"2026-02-18T22:10:10","date_gmt":"2026-02-19T01:10:10","guid":{"rendered":"https:\/\/cooperativaredloslagos.cl\/?p=4463"},"modified":"2026-02-18T22:10:12","modified_gmt":"2026-02-19T01:10:12","slug":"imputados-por-receptacion-de-cables-quedaron-con-medidas-cautelares-en-puerto-montt","status":"publish","type":"post","link":"https:\/\/cooperativaredloslagos.cl\/2026\/02\/18\/imputados-por-receptacion-de-cables-quedaron-con-medidas-cautelares-en-puerto-montt\/","title":{"rendered":"Imputados Por Receptaci\u00f3n De Cables Quedaron Con Medidas Cautelares En Puerto Montt"},"content":{"rendered":"\n<p>El Juzgado de Garant\u00eda de Puerto Montt decret\u00f3 las medidas cautelares de arraigo nacional y firma mensual para dos imputados formalizados por el delito de receptaci\u00f3n de especies, entre ellas cables y luminarias p\u00fablicas de propiedad municipal. En tanto, un tercer imputado ingres\u00f3 a cumplir pena efectiva en una causa distinta.<\/p>\n\n\n\n<p>La resoluci\u00f3n se adopt\u00f3 tras la querella criminal presentada por la Unidad Penal Municipal (UPM), cuyos abogados participaron en la audiencia realizada durante la jornada.<\/p>\n\n\n\n<p>Aunque la UPM solicit\u00f3 la prisi\u00f3n preventiva debido a la gravedad de los hechos y a que habr\u00edan actuado en grupo, el tribunal determin\u00f3 aplicar medidas cautelares menos gravosas para dos de los acusados.<\/p>\n\n\n\n<p>El abogado de la Unidad Penal Municipal, Mauricio Guzm\u00e1n, indic\u00f3 que el robo de cables es un delito que afecta directamente a la comunidad, ya que provoca la p\u00e9rdida de alumbrado p\u00fablico en distintos sectores.<\/p>\n\n\n\n<blockquote class=\"wp-block-quote is-layout-flow wp-block-quote-is-layout-flow\">\n<p>\u201cHemos tenido casos en zonas como Alerce, La Vara y el sector del Viaducto. Gracias al trabajo coordinado con Carabineros y el Ministerio P\u00fablico hemos logrado disminuir estos hechos, aunque a\u00fan queda mucho por hacer\u201d, se\u00f1al\u00f3.<\/p>\n<\/blockquote>\n\n\n\n<h3 class=\"wp-block-heading\">Hallazgo de especies<\/h3>\n\n\n\n<p>El procedimiento fue realizado por Carabineros de la 6\u00aa Comisar\u00eda de Alerce en un domicilio donde fueron sorprendidos tres hombres en posesi\u00f3n de bienes municipales avaluados en aproximadamente $2.250.000.<\/p>\n\n\n\n<p>Entre las especies incautadas hab\u00eda cerca de 80 kilos de cables de cobre sustra\u00eddos del alumbrado p\u00fablico, cinco faroles, cuatro luminarias y cerca de 3.500 medidores desarmados pertenecientes a la empresa Suralis.<\/p>\n\n\n\n<p>La UPM interpuso querella por los delitos de receptaci\u00f3n reiterada y asociaci\u00f3n criminal contra los imputados y quienes resulten responsables.<\/p>\n","protected":false},"excerpt":{"rendered":"<p>El Juzgado de Garant\u00eda de Puerto Montt decret\u00f3 las medidas cautelares de arraigo nacional y firma mensual para dos imputados formalizados por el delito de [&hellip;]<\/p>\n","protected":false},"author":1,"featured_media":4464,"comment_status":"closed","ping_status":"closed","sticky":false,"template":"","format":"standard","meta":{"_monsterinsights_skip_tracking":false,"_monsterinsights_sitenote_active":false,"_monsterinsights_sitenote_note":"","_monsterinsights_sitenote_category":0,"footnotes":""},"categories":[41,17,15],"tags":[],"class_list":["post-4463","post","type-post","status-publish","format-standard","has-post-thumbnail","hentry","category-judicial","category-puerto-montt","category-regional"],"_links":{"self":[{"href":"https:\/\/cooperativaredloslagos.cl\/wp-json\/wp\/v2\/posts\/4463","targetHints":{"allow":["GET"]}}],"collection":[{"href":"https:\/\/cooperativaredloslagos.cl\/wp-json\/wp\/v2\/posts"}],"about":[{"href":"https:\/\/cooperativaredloslagos.cl\/wp-json\/wp\/v2\/types\/post"}],"author":[{"embeddable":true,"href":"https:\/\/cooperativaredloslagos.cl\/wp-json\/wp\/v2\/users\/1"}],"replies":[{"embeddable":true,"href":"https:\/\/cooperativaredloslagos.cl\/wp-json\/wp\/v2\/comments?post=4463"}],"version-history":[{"count":1,"href":"https:\/\/cooperativaredloslagos.cl\/wp-json\/wp\/v2\/posts\/4463\/revisions"}],"predecessor-version":[{"id":4465,"href":"https:\/\/cooperativaredloslagos.cl\/wp-json\/wp\/v2\/posts\/4463\/revisions\/4465"}],"wp:featuredmedia":[{"embeddable":true,"href":"https:\/\/cooperativaredloslagos.cl\/wp-json\/wp\/v2\/media\/4464"}],"wp:attachment":[{"href":"https:\/\/cooperativaredloslagos.cl\/wp-json\/wp\/v2\/media?parent=4463"}],"wp:term":[{"taxonomy":"category","embeddable":true,"href":"https:\/\/cooperativaredloslagos.cl\/wp-json\/wp\/v2\/categories?post=4463"},{"taxonomy":"post_tag","embeddable":true,"href":"https:\/\/cooperativaredloslagos.cl\/wp-json\/wp\/v2\/tags?post=4463"}],"curies":[{"name":"wp","href":"https:\/\/api.w.org\/{rel}","templated":true}]}}