{"id":4466,"date":"2026-02-18T22:16:26","date_gmt":"2026-02-19T01:16:26","guid":{"rendered":"https:\/\/cooperativaredloslagos.cl\/?p=4466"},"modified":"2026-02-18T22:16:28","modified_gmt":"2026-02-19T01:16:28","slug":"huelga-general-en-argentina-obligara-a-cancelar-cientos-de-vuelos-y-afectara-a-miles-de-pasajeros","status":"publish","type":"post","link":"https:\/\/cooperativaredloslagos.cl\/2026\/02\/18\/huelga-general-en-argentina-obligara-a-cancelar-cientos-de-vuelos-y-afectara-a-miles-de-pasajeros\/","title":{"rendered":"Huelga general en Argentina obligar\u00e1 a cancelar cientos de vuelos y afectar\u00e1 a miles de pasajeros"},"content":{"rendered":"\n<p>Las aerol\u00edneas que operan en Argentina anunciaron la cancelaci\u00f3n de decenas de vuelos debido a la huelga general convocada para este jueves, en rechazo al proyecto de reforma laboral impulsado por el Gobierno de Javier Milei.<\/p>\n\n\n\n<p>La estatal Aerol\u00edneas Argentinas inform\u00f3 que suspender\u00e1 <strong>255 vuelos<\/strong>, lo que afectar\u00e1 a cerca de <strong>31 mil pasajeros<\/strong> y provocar\u00e1 p\u00e9rdidas estimadas en <strong>3 millones de d\u00f3lares<\/strong>.<\/p>\n\n\n\n<p>De acuerdo con la compa\u00f1\u00eda:<\/p>\n\n\n\n<ul class=\"wp-block-list\">\n<li><strong>219 vuelos dom\u00e9sticos<\/strong> cancelados (unos 25 mil pasajeros)<\/li>\n\n\n\n<li><strong>32 vuelos regionales<\/strong> (cerca de 5 mil pasajeros)<\/li>\n\n\n\n<li><strong>4 vuelos internacionales<\/strong> (alrededor de 1.000 pasajeros)<\/li>\n<\/ul>\n\n\n\n<p>Adem\u00e1s, la aerol\u00ednea adelant\u00f3 que aplicar\u00e1 descuentos salariales a los trabajadores que se adhieran a la paralizaci\u00f3n convocada por las dos principales centrales sindicales del pa\u00eds.<\/p>\n\n\n\n<p>Por su parte, la aerol\u00ednea de bajo costo JetSmart tambi\u00e9n confirm\u00f3 la suspensi\u00f3n de operaciones para la jornada, con la cancelaci\u00f3n de <strong>96 vuelos<\/strong> \u2014tanto nacionales como internacionales\u2014 que impactar\u00e1n a aproximadamente <strong>17 mil pasajeros<\/strong>.<\/p>\n\n\n\n<p>La huelga tendr\u00e1 una duraci\u00f3n de 24 horas e incluir\u00e1 al sector del transporte, coincidiendo con el debate del proyecto de reforma laboral en la C\u00e1mara de Diputados argentina.<\/p>\n","protected":false},"excerpt":{"rendered":"<p>Las aerol\u00edneas que operan en Argentina anunciaron la cancelaci\u00f3n de decenas de vuelos debido a la huelga general convocada para este jueves, en rechazo al [&hellip;]<\/p>\n","protected":false},"author":1,"featured_media":4467,"comment_status":"closed","ping_status":"closed","sticky":false,"template":"","format":"standard","meta":{"_monsterinsights_skip_tracking":false,"_monsterinsights_sitenote_active":false,"_monsterinsights_sitenote_note":"","_monsterinsights_sitenote_category":0,"footnotes":""},"categories":[39,6],"tags":[],"class_list":["post-4466","post","type-post","status-publish","format-standard","has-post-thumbnail","hentry","category-mundo","category-politics"],"_links":{"self":[{"href":"https:\/\/cooperativaredloslagos.cl\/wp-json\/wp\/v2\/posts\/4466","targetHints":{"allow":["GET"]}}],"collection":[{"href":"https:\/\/cooperativaredloslagos.cl\/wp-json\/wp\/v2\/posts"}],"about":[{"href":"https:\/\/cooperativaredloslagos.cl\/wp-json\/wp\/v2\/types\/post"}],"author":[{"embeddable":true,"href":"https:\/\/cooperativaredloslagos.cl\/wp-json\/wp\/v2\/users\/1"}],"replies":[{"embeddable":true,"href":"https:\/\/cooperativaredloslagos.cl\/wp-json\/wp\/v2\/comments?post=4466"}],"version-history":[{"count":1,"href":"https:\/\/cooperativaredloslagos.cl\/wp-json\/wp\/v2\/posts\/4466\/revisions"}],"predecessor-version":[{"id":4468,"href":"https:\/\/cooperativaredloslagos.cl\/wp-json\/wp\/v2\/posts\/4466\/revisions\/4468"}],"wp:featuredmedia":[{"embeddable":true,"href":"https:\/\/cooperativaredloslagos.cl\/wp-json\/wp\/v2\/media\/4467"}],"wp:attachment":[{"href":"https:\/\/cooperativaredloslagos.cl\/wp-json\/wp\/v2\/media?parent=4466"}],"wp:term":[{"taxonomy":"category","embeddable":true,"href":"https:\/\/cooperativaredloslagos.cl\/wp-json\/wp\/v2\/categories?post=4466"},{"taxonomy":"post_tag","embeddable":true,"href":"https:\/\/cooperativaredloslagos.cl\/wp-json\/wp\/v2\/tags?post=4466"}],"curies":[{"name":"wp","href":"https:\/\/api.w.org\/{rel}","templated":true}]}}