{"id":4471,"date":"2026-02-19T15:35:55","date_gmt":"2026-02-19T18:35:55","guid":{"rendered":"https:\/\/cooperativaredloslagos.cl\/?p=4471"},"modified":"2026-02-19T15:35:58","modified_gmt":"2026-02-19T18:35:58","slug":"presidente-electo-sostuvo-reunion-con-autoridades-de-puerto-octay-para-abordar-prioridades-comunales","status":"publish","type":"post","link":"https:\/\/cooperativaredloslagos.cl\/2026\/02\/19\/presidente-electo-sostuvo-reunion-con-autoridades-de-puerto-octay-para-abordar-prioridades-comunales\/","title":{"rendered":"Presidente electo sostuvo reuni\u00f3n con autoridades de Puerto Octay para abordar prioridades comunales"},"content":{"rendered":"\n<p>En el marco de su permanencia en la regi\u00f3n, el Presidente electo, Jos\u00e9 Antonio Kast, visit\u00f3 la comuna de Puerto Octay para sostener un encuentro de trabajo con autoridades locales, instancia orientada a conocer de primera fuente las principales necesidades del territorio.<\/p>\n\n\n\n<p>La reuni\u00f3n fue encabezada por la alcaldesa Mar\u00eda Elena Ojeda y cont\u00f3 con la participaci\u00f3n de concejales, adem\u00e1s de jefes de distintos departamentos municipales, quienes expusieron las demandas m\u00e1s urgentes de la comuna lacustre.<\/p>\n\n\n\n<p>Seg\u00fan explic\u00f3 la jefa comunal, cada concejal present\u00f3 planteamientos previamente sistematizados por la alcald\u00eda, lo que permiti\u00f3 detallar las prioridades locales ante el futuro mandatario.<\/p>\n\n\n\n<p>Entre ellas destaca la hist\u00f3rica solicitud de dotar al sector de Las Cascadas con un sistema de alcantarillado, iniciativa largamente esperada por los vecinos.<\/p>\n\n\n\n<p>Adem\u00e1s, se abordaron otros proyectos considerados estrat\u00e9gicos para el desarrollo de la comuna, como la construcci\u00f3n de la costanera de Las Cascadas, planes de pavimentaci\u00f3n y electrificaci\u00f3n, mejoras en sistemas de agua potable rural, avances en comit\u00e9s de vivienda y la situaci\u00f3n del hospital local.<\/p>\n\n\n\n<p>El objetivo del encuentro fue posicionar estas materias dentro de la agenda nacional, buscando que sean consideradas en las futuras definiciones presupuestarias y de inversi\u00f3n p\u00fablica.<\/p>\n","protected":false},"excerpt":{"rendered":"<p>En el marco de su permanencia en la regi\u00f3n, el Presidente electo, Jos\u00e9 Antonio Kast, visit\u00f3 la comuna de Puerto Octay para sostener un encuentro [&hellip;]<\/p>\n","protected":false},"author":1,"featured_media":4472,"comment_status":"closed","ping_status":"closed","sticky":false,"template":"","format":"standard","meta":{"_monsterinsights_skip_tracking":false,"_monsterinsights_sitenote_active":false,"_monsterinsights_sitenote_note":"","_monsterinsights_sitenote_category":0,"footnotes":""},"categories":[6,15],"tags":[],"class_list":["post-4471","post","type-post","status-publish","format-standard","has-post-thumbnail","hentry","category-politics","category-regional"],"_links":{"self":[{"href":"https:\/\/cooperativaredloslagos.cl\/wp-json\/wp\/v2\/posts\/4471","targetHints":{"allow":["GET"]}}],"collection":[{"href":"https:\/\/cooperativaredloslagos.cl\/wp-json\/wp\/v2\/posts"}],"about":[{"href":"https:\/\/cooperativaredloslagos.cl\/wp-json\/wp\/v2\/types\/post"}],"author":[{"embeddable":true,"href":"https:\/\/cooperativaredloslagos.cl\/wp-json\/wp\/v2\/users\/1"}],"replies":[{"embeddable":true,"href":"https:\/\/cooperativaredloslagos.cl\/wp-json\/wp\/v2\/comments?post=4471"}],"version-history":[{"count":1,"href":"https:\/\/cooperativaredloslagos.cl\/wp-json\/wp\/v2\/posts\/4471\/revisions"}],"predecessor-version":[{"id":4473,"href":"https:\/\/cooperativaredloslagos.cl\/wp-json\/wp\/v2\/posts\/4471\/revisions\/4473"}],"wp:featuredmedia":[{"embeddable":true,"href":"https:\/\/cooperativaredloslagos.cl\/wp-json\/wp\/v2\/media\/4472"}],"wp:attachment":[{"href":"https:\/\/cooperativaredloslagos.cl\/wp-json\/wp\/v2\/media?parent=4471"}],"wp:term":[{"taxonomy":"category","embeddable":true,"href":"https:\/\/cooperativaredloslagos.cl\/wp-json\/wp\/v2\/categories?post=4471"},{"taxonomy":"post_tag","embeddable":true,"href":"https:\/\/cooperativaredloslagos.cl\/wp-json\/wp\/v2\/tags?post=4471"}],"curies":[{"name":"wp","href":"https:\/\/api.w.org\/{rel}","templated":true}]}}