{"id":4483,"date":"2026-02-22T11:18:43","date_gmt":"2026-02-22T14:18:43","guid":{"rendered":"https:\/\/cooperativaredloslagos.cl\/?p=4483"},"modified":"2026-02-22T11:18:45","modified_gmt":"2026-02-22T14:18:45","slug":"embajada-de-china-en-chile-rechazo-sanciones-de-estados-unidos-por-proyecto-de-cable-transpacifico","status":"publish","type":"post","link":"https:\/\/cooperativaredloslagos.cl\/2026\/02\/22\/embajada-de-china-en-chile-rechazo-sanciones-de-estados-unidos-por-proyecto-de-cable-transpacifico\/","title":{"rendered":"Embajada de China en Chile rechaz\u00f3 sanciones de Estados Unidos por proyecto de cable transpac\u00edfico"},"content":{"rendered":"\n<p><em>Delegaci\u00f3n diplom\u00e1tica calific\u00f3 la medida como una acci\u00f3n \u201chegem\u00f3nica\u201d y defendi\u00f3 el proyecto de cable submarino Chile\u2013China.<\/em><\/p>\n\n\n\n<p>A trav\u00e9s de un comunicado oficial, la <strong>Embajada de China en Chile<\/strong> se refiri\u00f3 a las sanciones anunciadas por el gobierno de <strong>Estados Unidos<\/strong> contra autoridades chilenas vinculadas al sector de telecomunicaciones.<\/p>\n\n\n\n<p>La medida fue informada el viernes pasado y estar\u00eda relacionada con las negociaciones del gobierno del presidente <strong>Gabriel Boric<\/strong> para avanzar en la posible implementaci\u00f3n de un cable \u00f3ptico submarino transpac\u00edfico que conecte Sudam\u00e9rica con Asia.<\/p>\n\n\n\n<p>En el comunicado, la representaci\u00f3n diplom\u00e1tica sostuvo que \u201cEstados Unidos vuelve a ponerse en posici\u00f3n dominante en el hemisferio occidental y en contradicci\u00f3n con los intereses de los pa\u00edses de esta regi\u00f3n\u201d.<\/p>\n\n\n\n<h3 class=\"wp-block-heading\">Defensa del proyecto Chile\u2013China<\/h3>\n\n\n\n<p>Desde la embajada indicaron que la denominada \u201cinfraestructura cr\u00edtica de telecomunicaciones\u201d alude al proyecto de cable submarino Chile\u2013China, iniciativa que \u2014seg\u00fan se\u00f1alaron\u2014 fortalecer\u00eda la capacidad de comunicaciones de Chile con su mayor socio comercial y con Asia como centro econ\u00f3mico global.<\/p>\n\n\n\n<p>\u201cEl proyecto est\u00e1 basado en las necesidades de ambas partes y responde a los intereses de ambos pa\u00edses. Los funcionarios chilenos que lo han promovido han actuado fieles a los intereses nacionales de Chile y merecen respeto\u201d, afirmaron.<\/p>\n\n\n\n<p>Asimismo, cuestionaron la decisi\u00f3n estadounidense, se\u00f1alando que constituye un \u201cdesprecio por la soberan\u00eda, la dignidad y los intereses nacionales de Chile\u201d.<\/p>\n\n\n\n<h3 class=\"wp-block-heading\">Acusaciones cruzadas<\/h3>\n\n\n\n<p>En el texto, la embajada asegur\u00f3 que el proyecto no afecta a terceros pa\u00edses y que las acusaciones en su contra buscan mantener un supuesto monopolio en telecomunicaciones internacionales.<\/p>\n\n\n\n<p>Adem\u00e1s, plantearon que Estados Unidos intentar\u00eda conservar control sobre cables \u00f3pticos bajo su administraci\u00f3n, afirmando que los pa\u00edses latinoamericanos deben defender su autonom\u00eda y soberan\u00eda para elegir socios estrat\u00e9gicos.<\/p>\n\n\n\n<p>Finalmente, la delegaci\u00f3n diplom\u00e1tica sostuvo que la regi\u00f3n enfrenta presiones externas y llam\u00f3 a abandonar lo que calificaron como una \u201cmentalidad hegem\u00f3nica\u201d, enfatizando la necesidad de relaciones internacionales basadas en igualdad y respeto mutuo.<\/p>\n","protected":false},"excerpt":{"rendered":"<p>Delegaci\u00f3n diplom\u00e1tica calific\u00f3 la medida como una acci\u00f3n \u201chegem\u00f3nica\u201d y defendi\u00f3 el proyecto de cable submarino Chile\u2013China. A trav\u00e9s de un comunicado oficial, la Embajada [&hellip;]<\/p>\n","protected":false},"author":1,"featured_media":4484,"comment_status":"closed","ping_status":"closed","sticky":false,"template":"","format":"standard","meta":{"_monsterinsights_skip_tracking":false,"_monsterinsights_sitenote_active":false,"_monsterinsights_sitenote_note":"","_monsterinsights_sitenote_category":0,"footnotes":""},"categories":[39,24],"tags":[],"class_list":["post-4483","post","type-post","status-publish","format-standard","has-post-thumbnail","hentry","category-mundo","category-nacional"],"_links":{"self":[{"href":"https:\/\/cooperativaredloslagos.cl\/wp-json\/wp\/v2\/posts\/4483","targetHints":{"allow":["GET"]}}],"collection":[{"href":"https:\/\/cooperativaredloslagos.cl\/wp-json\/wp\/v2\/posts"}],"about":[{"href":"https:\/\/cooperativaredloslagos.cl\/wp-json\/wp\/v2\/types\/post"}],"author":[{"embeddable":true,"href":"https:\/\/cooperativaredloslagos.cl\/wp-json\/wp\/v2\/users\/1"}],"replies":[{"embeddable":true,"href":"https:\/\/cooperativaredloslagos.cl\/wp-json\/wp\/v2\/comments?post=4483"}],"version-history":[{"count":1,"href":"https:\/\/cooperativaredloslagos.cl\/wp-json\/wp\/v2\/posts\/4483\/revisions"}],"predecessor-version":[{"id":4485,"href":"https:\/\/cooperativaredloslagos.cl\/wp-json\/wp\/v2\/posts\/4483\/revisions\/4485"}],"wp:featuredmedia":[{"embeddable":true,"href":"https:\/\/cooperativaredloslagos.cl\/wp-json\/wp\/v2\/media\/4484"}],"wp:attachment":[{"href":"https:\/\/cooperativaredloslagos.cl\/wp-json\/wp\/v2\/media?parent=4483"}],"wp:term":[{"taxonomy":"category","embeddable":true,"href":"https:\/\/cooperativaredloslagos.cl\/wp-json\/wp\/v2\/categories?post=4483"},{"taxonomy":"post_tag","embeddable":true,"href":"https:\/\/cooperativaredloslagos.cl\/wp-json\/wp\/v2\/tags?post=4483"}],"curies":[{"name":"wp","href":"https:\/\/api.w.org\/{rel}","templated":true}]}}