{"id":4489,"date":"2026-02-22T21:39:10","date_gmt":"2026-02-23T00:39:10","guid":{"rendered":"https:\/\/cooperativaredloslagos.cl\/?p=4489"},"modified":"2026-02-22T21:39:49","modified_gmt":"2026-02-23T00:39:49","slug":"trump-anuncio-alza-de-arancel-global-del-10-al-15-tras-fallo-de-la-corte-suprema","status":"publish","type":"post","link":"https:\/\/cooperativaredloslagos.cl\/2026\/02\/22\/trump-anuncio-alza-de-arancel-global-del-10-al-15-tras-fallo-de-la-corte-suprema\/","title":{"rendered":"Trump anunci\u00f3 alza de arancel global del 10 % al 15 % tras fallo de la Corte Suprema"},"content":{"rendered":"\n<p>El presidente de <strong>Donald Trump<\/strong> anunci\u00f3 este s\u00e1bado que aumentar\u00e1 del 10 % al 15 % el arancel global impuesto a diversos socios comerciales, decisi\u00f3n que comunic\u00f3 a trav\u00e9s de su red Truth Social.<\/p>\n\n\n\n<p>La medida se produce un d\u00eda despu\u00e9s de que la <strong>Corte Suprema de Estados Unidos<\/strong> determinara, en una votaci\u00f3n de 6 a 3, que el mandatario se excedi\u00f3 en su autoridad al aplicar aranceles a pa\u00edses socios.<\/p>\n\n\n\n<p>En su publicaci\u00f3n, Trump calific\u00f3 la resoluci\u00f3n judicial como \u201crid\u00edcula\u201d y asegur\u00f3 que el nuevo arancel del 15 % corresponde al nivel \u201cplenamente permitido y legalmente comprobado\u201d. Adem\u00e1s, indic\u00f3 que en los pr\u00f3ximos meses su administraci\u00f3n definir\u00e1 y emitir\u00e1 nuevos aranceles ajustados al marco legal vigente.<\/p>\n\n\n\n<h3 class=\"wp-block-heading\">Facultades bajo la Secci\u00f3n 122<\/h3>\n\n\n\n<p>Tras el fallo, el mandatario sostuvo que utilizar\u00e1 las atribuciones presidenciales contempladas en la Secci\u00f3n 122 de la ley comercial estadounidense. Esta normativa permite imponer aranceles de hasta 15 %, aunque con car\u00e1cter temporal.<\/p>\n\n\n\n<p>De acuerdo con la legislaci\u00f3n, dichos grav\u00e1menes requieren la aprobaci\u00f3n del Congreso despu\u00e9s de un plazo de 150 d\u00edas para mantenerse vigentes.<\/p>\n\n\n\n<p>El anuncio reabre el debate en Estados Unidos sobre el alcance de las facultades ejecutivas en materia comercial y podr\u00eda generar nuevas tensiones en el escenario econ\u00f3mico internacional.<\/p>\n","protected":false},"excerpt":{"rendered":"<p>El presidente de Donald Trump anunci\u00f3 este s\u00e1bado que aumentar\u00e1 del 10 % al 15 % el arancel global impuesto a diversos socios comerciales, decisi\u00f3n [&hellip;]<\/p>\n","protected":false},"author":1,"featured_media":4491,"comment_status":"closed","ping_status":"closed","sticky":false,"template":"","format":"standard","meta":{"_monsterinsights_skip_tracking":false,"_monsterinsights_sitenote_active":false,"_monsterinsights_sitenote_note":"","_monsterinsights_sitenote_category":0,"footnotes":""},"categories":[39,6],"tags":[],"class_list":["post-4489","post","type-post","status-publish","format-standard","has-post-thumbnail","hentry","category-mundo","category-politics"],"_links":{"self":[{"href":"https:\/\/cooperativaredloslagos.cl\/wp-json\/wp\/v2\/posts\/4489","targetHints":{"allow":["GET"]}}],"collection":[{"href":"https:\/\/cooperativaredloslagos.cl\/wp-json\/wp\/v2\/posts"}],"about":[{"href":"https:\/\/cooperativaredloslagos.cl\/wp-json\/wp\/v2\/types\/post"}],"author":[{"embeddable":true,"href":"https:\/\/cooperativaredloslagos.cl\/wp-json\/wp\/v2\/users\/1"}],"replies":[{"embeddable":true,"href":"https:\/\/cooperativaredloslagos.cl\/wp-json\/wp\/v2\/comments?post=4489"}],"version-history":[{"count":1,"href":"https:\/\/cooperativaredloslagos.cl\/wp-json\/wp\/v2\/posts\/4489\/revisions"}],"predecessor-version":[{"id":4490,"href":"https:\/\/cooperativaredloslagos.cl\/wp-json\/wp\/v2\/posts\/4489\/revisions\/4490"}],"wp:featuredmedia":[{"embeddable":true,"href":"https:\/\/cooperativaredloslagos.cl\/wp-json\/wp\/v2\/media\/4491"}],"wp:attachment":[{"href":"https:\/\/cooperativaredloslagos.cl\/wp-json\/wp\/v2\/media?parent=4489"}],"wp:term":[{"taxonomy":"category","embeddable":true,"href":"https:\/\/cooperativaredloslagos.cl\/wp-json\/wp\/v2\/categories?post=4489"},{"taxonomy":"post_tag","embeddable":true,"href":"https:\/\/cooperativaredloslagos.cl\/wp-json\/wp\/v2\/tags?post=4489"}],"curies":[{"name":"wp","href":"https:\/\/api.w.org\/{rel}","templated":true}]}}