{"id":4492,"date":"2026-02-22T22:07:43","date_gmt":"2026-02-23T01:07:43","guid":{"rendered":"https:\/\/cooperativaredloslagos.cl\/?p=4492"},"modified":"2026-02-22T22:07:45","modified_gmt":"2026-02-23T01:07:45","slug":"kast-viajara-a-ee-uu-antes-del-cambio-de-mando-y-sostendra-su-primer-encuentro-con-trump","status":"publish","type":"post","link":"https:\/\/cooperativaredloslagos.cl\/2026\/02\/22\/kast-viajara-a-ee-uu-antes-del-cambio-de-mando-y-sostendra-su-primer-encuentro-con-trump\/","title":{"rendered":"Kast viajar\u00e1 a EE.UU. antes del cambio de mando y sostendr\u00e1 su primer encuentro con Trump"},"content":{"rendered":"\n<p>A menos de tres semanas del cambio de mando, el presidente electo <strong>Jos\u00e9 Antonio Kast<\/strong> prepara su primera visita internacional en esa condici\u00f3n, con destino a Estados Unidos, en un contexto marcado por tensiones pol\u00edticas con la administraci\u00f3n saliente de <strong>Gabriel Boric<\/strong>.<\/p>\n\n\n\n<p>El viaje est\u00e1 programado para el pr\u00f3ximo 7 de marzo. En Miami, Kast participar\u00e1 en la conferencia \u201cShield of the Americas\u201d, acompa\u00f1ado por su futuro canciller, Francisco P\u00e9rez Mackenna. En el marco de esa agenda, sostendr\u00e1 adem\u00e1s su primer encuentro con el presidente estadounidense <strong>Donald Trump<\/strong>.<\/p>\n\n\n\n<p>Seg\u00fan se inform\u00f3, en la reuni\u00f3n se abordar\u00e1n materias como inmigraci\u00f3n irregular, combate al crimen organizado y el escenario regional tras la ca\u00edda del r\u00e9gimen de Nicol\u00e1s Maduro en Venezuela.<\/p>\n\n\n\n<h3 class=\"wp-block-heading has-text-align-center\">Respaldo republicano<\/h3>\n\n\n\n<p>Desde el Partido Republicano valoraron especialmente la instancia. El diputado Luis S\u00e1nchez afirm\u00f3 que el encuentro permitir\u00e1 \u201cfortalecer esa amistad hist\u00f3rica con Estados Unidos\u201d, la que \u2014a su juicio\u2014 se habr\u00eda visto afectada en los \u00faltimos a\u00f1os.<\/p>\n\n\n\n<p>La cita en Washington marcar\u00e1 el primer acercamiento formal entre ambas administraciones y podr\u00eda definir el tono de la relaci\u00f3n bilateral durante el pr\u00f3ximo per\u00edodo presidencial.<\/p>\n\n\n\n<h3 class=\"wp-block-heading has-text-align-center\">Debate interno por \u201cgobierno de emergencia\u201d<\/h3>\n\n\n\n<p>El viaje se da en paralelo a la discusi\u00f3n sobre la instalaci\u00f3n de un \u201cgobierno de emergencia\u201d, propuesta impulsada por Kast para enfrentar desaf\u00edos en seguridad y econom\u00eda, incluyendo controles migratorios m\u00e1s estrictos y medidas de apoyo a la actividad productiva.<\/p>\n\n\n\n<p>La iniciativa ha generado cr\u00edticas desde el oficialismo. El diputado socialista Ra\u00fal Leiva advirti\u00f3 que insistir en declarar emergencias en m\u00faltiples \u00e1mbitos podr\u00eda \u201cpolarizar a\u00fan m\u00e1s el ambiente pol\u00edtico y generar expectativas imposibles de cumplir\u201d.<\/p>\n\n\n\n<p>Desde la oposici\u00f3n, en cambio, el diputado de Renovaci\u00f3n Nacional Frank Sauerbaum defendi\u00f3 la propuesta, se\u00f1alando que la ciudadan\u00eda eligi\u00f3 a Kast para impulsar cambios \u201cimportantes y r\u00e1pidos\u201d en seguridad, crimen organizado y migraci\u00f3n.<\/p>\n\n\n\n<h3 class=\"wp-block-heading has-text-align-center\">Contexto diplom\u00e1tico sensible<\/h3>\n\n\n\n<p>La visita tambi\u00e9n se produce en un escenario diplom\u00e1tico complejo, tras la revocaci\u00f3n de visas a tres funcionarios del actual gobierno chileno por parte de Estados Unidos y en medio del debate regional por la eventual candidatura de la expresidenta Michelle Bachelet a la Secretar\u00eda General de la ONU.<\/p>\n\n\n\n<p>Kast adelant\u00f3 que buscar\u00e1 reunirse con los presidentes de Brasil y M\u00e9xico para conocer los fundamentos del respaldo a esa postulaci\u00f3n, antes de que Chile fije una postura oficial una vez concretado el cambio de mando.<\/p>\n\n\n\n<p>El viaje a Estados Unidos se convierte as\u00ed en el primer gesto internacional del pr\u00f3ximo gobierno y en una se\u00f1al sobre las prioridades que marcar\u00e1n su pol\u00edtica exterior.<\/p>\n","protected":false},"excerpt":{"rendered":"<p>A menos de tres semanas del cambio de mando, el presidente electo Jos\u00e9 Antonio Kast prepara su primera visita internacional en esa condici\u00f3n, con destino [&hellip;]<\/p>\n","protected":false},"author":1,"featured_media":4493,"comment_status":"closed","ping_status":"closed","sticky":false,"template":"","format":"standard","meta":{"_monsterinsights_skip_tracking":false,"_monsterinsights_sitenote_active":false,"_monsterinsights_sitenote_note":"","_monsterinsights_sitenote_category":0,"footnotes":""},"categories":[39,24,6],"tags":[],"class_list":["post-4492","post","type-post","status-publish","format-standard","has-post-thumbnail","hentry","category-mundo","category-nacional","category-politics"],"_links":{"self":[{"href":"https:\/\/cooperativaredloslagos.cl\/wp-json\/wp\/v2\/posts\/4492","targetHints":{"allow":["GET"]}}],"collection":[{"href":"https:\/\/cooperativaredloslagos.cl\/wp-json\/wp\/v2\/posts"}],"about":[{"href":"https:\/\/cooperativaredloslagos.cl\/wp-json\/wp\/v2\/types\/post"}],"author":[{"embeddable":true,"href":"https:\/\/cooperativaredloslagos.cl\/wp-json\/wp\/v2\/users\/1"}],"replies":[{"embeddable":true,"href":"https:\/\/cooperativaredloslagos.cl\/wp-json\/wp\/v2\/comments?post=4492"}],"version-history":[{"count":1,"href":"https:\/\/cooperativaredloslagos.cl\/wp-json\/wp\/v2\/posts\/4492\/revisions"}],"predecessor-version":[{"id":4494,"href":"https:\/\/cooperativaredloslagos.cl\/wp-json\/wp\/v2\/posts\/4492\/revisions\/4494"}],"wp:featuredmedia":[{"embeddable":true,"href":"https:\/\/cooperativaredloslagos.cl\/wp-json\/wp\/v2\/media\/4493"}],"wp:attachment":[{"href":"https:\/\/cooperativaredloslagos.cl\/wp-json\/wp\/v2\/media?parent=4492"}],"wp:term":[{"taxonomy":"category","embeddable":true,"href":"https:\/\/cooperativaredloslagos.cl\/wp-json\/wp\/v2\/categories?post=4492"},{"taxonomy":"post_tag","embeddable":true,"href":"https:\/\/cooperativaredloslagos.cl\/wp-json\/wp\/v2\/tags?post=4492"}],"curies":[{"name":"wp","href":"https:\/\/api.w.org\/{rel}","templated":true}]}}