{"id":4495,"date":"2026-02-22T22:26:02","date_gmt":"2026-02-23T01:26:02","guid":{"rendered":"https:\/\/cooperativaredloslagos.cl\/?p=4495"},"modified":"2026-02-22T22:26:04","modified_gmt":"2026-02-23T01:26:04","slug":"minvu-rechazo-criticas-de-la-udi-y-defendio-avances-del-plan-de-emergencia-habitacional","status":"publish","type":"post","link":"https:\/\/cooperativaredloslagos.cl\/2026\/02\/22\/minvu-rechazo-criticas-de-la-udi-y-defendio-avances-del-plan-de-emergencia-habitacional\/","title":{"rendered":"Minvu rechaz\u00f3 cr\u00edticas de la UDI y defendi\u00f3 avances del Plan de Emergencia Habitacional"},"content":{"rendered":"\n<p>El <strong>Ministerio de Vivienda y Urbanismo<\/strong> (Minvu) respondi\u00f3 p\u00fablicamente a los cuestionamientos formulados por parlamentarios de la UDI respecto de los resultados del Plan de Emergencia Habitacional, calificando las cr\u00edticas como \u201cbastante err\u00f3neas\u201d y como \u201cun argumento profundamente desinformado\u201d.<\/p>\n\n\n\n<p>El diputado <strong>Juan Fuenzalida<\/strong>, integrante de la Comisi\u00f3n de Vivienda de la C\u00e1mara, sostuvo que las cifras entregadas por la cartera estar\u00edan \u201cinfladas\u201d y que una parte relevante de las viviendas contabilizadas fue gestionada durante el segundo gobierno de <strong>Sebasti\u00e1n Pi\u00f1era<\/strong> (2018-2022).<\/p>\n\n\n\n<p>En la misma l\u00ednea, el senador <strong>Gustavo Benavente<\/strong> record\u00f3 la existencia de deudas con empresas contratistas, se\u00f1alando que la situaci\u00f3n \u201ca\u00fan se sigue manteniendo\u201d.<\/p>\n\n\n\n<h3 class=\"wp-block-heading has-text-align-center\">\u201cTrabajo que trasciende administraciones\u201d<\/h3>\n\n\n\n<p>A trav\u00e9s de un comunicado, el Minvu sostuvo que cuestionar el plan \u201cbusca desmerecer una pol\u00edtica p\u00fablica exitosa y reconocida transversalmente\u201d, y enfatiz\u00f3 que se trata de un trabajo que trasciende gobiernos.<\/p>\n\n\n\n<p>La cartera detall\u00f3 que en el segundo mandato de la expresidenta <strong>Michelle Bachelet<\/strong> se dejaron en proceso 80.863 viviendas, mientras que la administraci\u00f3n de Pi\u00f1era dej\u00f3 otras 118.238 en construcci\u00f3n o pr\u00f3ximas a iniciar obras.<\/p>\n\n\n\n<p>Respecto del actual periodo, el ministerio inform\u00f3 que a enero de 2026 se han entregado 254.102 viviendas en todo el pa\u00eds, cifra que representa el 97,7% de la meta comprometida al inicio de la administraci\u00f3n.<\/p>\n\n\n\n<h3 class=\"wp-block-heading has-text-align-center\">Pol\u00edtica de Estado<\/h3>\n\n\n\n<p>El Minvu tambi\u00e9n destac\u00f3 que el Plan de Emergencia Habitacional cont\u00f3 con respaldo transversal en el Congreso y que sus resultados fueron reconocidos con la pr\u00f3rroga un\u00e1nime de la Ley 21.450 hasta 2029.<\/p>\n\n\n\n<p>Seg\u00fan la cartera, esta extensi\u00f3n refuerza la proyecci\u00f3n del plan como una pol\u00edtica de Estado orientada a garantizar el acceso a una vivienda digna y adecuada, m\u00e1s all\u00e1 de las diferencias pol\u00edticas entre oficialismo y oposici\u00f3n.<\/p>\n","protected":false},"excerpt":{"rendered":"<p>El Ministerio de Vivienda y Urbanismo (Minvu) respondi\u00f3 p\u00fablicamente a los cuestionamientos formulados por parlamentarios de la UDI respecto de los resultados del Plan de [&hellip;]<\/p>\n","protected":false},"author":1,"featured_media":4496,"comment_status":"closed","ping_status":"closed","sticky":false,"template":"","format":"standard","meta":{"_monsterinsights_skip_tracking":false,"_monsterinsights_sitenote_active":false,"_monsterinsights_sitenote_note":"","_monsterinsights_sitenote_category":0,"footnotes":""},"categories":[24,6],"tags":[],"class_list":["post-4495","post","type-post","status-publish","format-standard","has-post-thumbnail","hentry","category-nacional","category-politics"],"_links":{"self":[{"href":"https:\/\/cooperativaredloslagos.cl\/wp-json\/wp\/v2\/posts\/4495","targetHints":{"allow":["GET"]}}],"collection":[{"href":"https:\/\/cooperativaredloslagos.cl\/wp-json\/wp\/v2\/posts"}],"about":[{"href":"https:\/\/cooperativaredloslagos.cl\/wp-json\/wp\/v2\/types\/post"}],"author":[{"embeddable":true,"href":"https:\/\/cooperativaredloslagos.cl\/wp-json\/wp\/v2\/users\/1"}],"replies":[{"embeddable":true,"href":"https:\/\/cooperativaredloslagos.cl\/wp-json\/wp\/v2\/comments?post=4495"}],"version-history":[{"count":1,"href":"https:\/\/cooperativaredloslagos.cl\/wp-json\/wp\/v2\/posts\/4495\/revisions"}],"predecessor-version":[{"id":4497,"href":"https:\/\/cooperativaredloslagos.cl\/wp-json\/wp\/v2\/posts\/4495\/revisions\/4497"}],"wp:featuredmedia":[{"embeddable":true,"href":"https:\/\/cooperativaredloslagos.cl\/wp-json\/wp\/v2\/media\/4496"}],"wp:attachment":[{"href":"https:\/\/cooperativaredloslagos.cl\/wp-json\/wp\/v2\/media?parent=4495"}],"wp:term":[{"taxonomy":"category","embeddable":true,"href":"https:\/\/cooperativaredloslagos.cl\/wp-json\/wp\/v2\/categories?post=4495"},{"taxonomy":"post_tag","embeddable":true,"href":"https:\/\/cooperativaredloslagos.cl\/wp-json\/wp\/v2\/tags?post=4495"}],"curies":[{"name":"wp","href":"https:\/\/api.w.org\/{rel}","templated":true}]}}