{"id":4679,"date":"2026-03-04T18:28:24","date_gmt":"2026-03-04T21:28:24","guid":{"rendered":"https:\/\/cooperativaredloslagos.cl\/?p=4679"},"modified":"2026-03-04T18:29:07","modified_gmt":"2026-03-04T21:29:07","slug":"republicanos-cuestionan-candidatura-de-michelle-bachelet-a-la-onu-en-medio-de-controversia-por-cable-submarino","status":"publish","type":"post","link":"https:\/\/cooperativaredloslagos.cl\/2026\/03\/04\/republicanos-cuestionan-candidatura-de-michelle-bachelet-a-la-onu-en-medio-de-controversia-por-cable-submarino\/","title":{"rendered":"Republicanos cuestionan candidatura de Michelle Bachelet a la ONU en medio de controversia por cable submarino"},"content":{"rendered":"\n<p>El timonel del Partido Republicano, Arturo Squella, abord\u00f3 la eventual candidatura de la expresidenta Michelle Bachelet a la Secretar\u00eda General de las Naciones Unidas, en medio de las tensiones pol\u00edticas generadas por el proyecto de cable submarino que conectar\u00eda Chile con China.<\/p>\n\n\n\n<p>La controversia por esta iniciativa tecnol\u00f3gica ha abierto distintos frentes pol\u00edticos y diplom\u00e1ticos, especialmente tras el quiebre entre el presidente Gabriel Boric y el mandatario electo Jos\u00e9 Antonio Kast, situaci\u00f3n que tambi\u00e9n podr\u00eda incidir en la posici\u00f3n que adopte el pr\u00f3ximo gobierno respecto al respaldo a la exmandataria.<\/p>\n\n\n\n<p>En ese contexto, Squella se\u00f1al\u00f3 en entrevista con <em>La Tercera<\/em> que el escenario actual complica seriamente dicha opci\u00f3n.<\/p>\n\n\n\n<p>\u201cLa trama del cable submarino termin\u00f3 definitivamente con la candidatura de Bachelet, que ya estaba con respirador artificial\u201d, afirm\u00f3 el dirigente republicano.<\/p>\n\n\n\n<h3 class=\"wp-block-heading has-text-align-center\">Cr\u00edticas desde el Congreso<\/h3>\n\n\n\n<p>Por su parte, el diputado del Partido Republicano e integrante de la Comisi\u00f3n de Relaciones Exteriores de la C\u00e1mara, Stephan Schubert, sostuvo que la controversia internacional por el proyecto tambi\u00e9n afecta las posibilidades de la exmandataria.<\/p>\n\n\n\n<p>Seg\u00fan explic\u00f3, el debate en torno al cable submarino y las tensiones con Estados Unidos bajo la actual administraci\u00f3n dificultan a\u00fan m\u00e1s el escenario para impulsar una candidatura desde el gobierno del presidente Boric.<\/p>\n\n\n\n<p>En esa l\u00ednea, el parlamentario indic\u00f3 que, considerando que Bachelet es la carta respaldada por el actual mandatario, esta situaci\u00f3n \u201cempa\u00f1a a\u00fan m\u00e1s la posibilidad de que tenga \u00e9xito en esa candidatura\u201d.<\/p>\n","protected":false},"excerpt":{"rendered":"<p>El timonel del Partido Republicano, Arturo Squella, abord\u00f3 la eventual candidatura de la expresidenta Michelle Bachelet a la Secretar\u00eda General de las Naciones Unidas, en [&hellip;]<\/p>\n","protected":false},"author":1,"featured_media":4681,"comment_status":"closed","ping_status":"closed","sticky":false,"template":"","format":"standard","meta":{"_monsterinsights_skip_tracking":false,"_monsterinsights_sitenote_active":false,"_monsterinsights_sitenote_note":"","_monsterinsights_sitenote_category":0,"footnotes":""},"categories":[24,6,17],"tags":[],"class_list":["post-4679","post","type-post","status-publish","format-standard","has-post-thumbnail","hentry","category-nacional","category-politics","category-puerto-montt"],"_links":{"self":[{"href":"https:\/\/cooperativaredloslagos.cl\/wp-json\/wp\/v2\/posts\/4679","targetHints":{"allow":["GET"]}}],"collection":[{"href":"https:\/\/cooperativaredloslagos.cl\/wp-json\/wp\/v2\/posts"}],"about":[{"href":"https:\/\/cooperativaredloslagos.cl\/wp-json\/wp\/v2\/types\/post"}],"author":[{"embeddable":true,"href":"https:\/\/cooperativaredloslagos.cl\/wp-json\/wp\/v2\/users\/1"}],"replies":[{"embeddable":true,"href":"https:\/\/cooperativaredloslagos.cl\/wp-json\/wp\/v2\/comments?post=4679"}],"version-history":[{"count":1,"href":"https:\/\/cooperativaredloslagos.cl\/wp-json\/wp\/v2\/posts\/4679\/revisions"}],"predecessor-version":[{"id":4680,"href":"https:\/\/cooperativaredloslagos.cl\/wp-json\/wp\/v2\/posts\/4679\/revisions\/4680"}],"wp:featuredmedia":[{"embeddable":true,"href":"https:\/\/cooperativaredloslagos.cl\/wp-json\/wp\/v2\/media\/4681"}],"wp:attachment":[{"href":"https:\/\/cooperativaredloslagos.cl\/wp-json\/wp\/v2\/media?parent=4679"}],"wp:term":[{"taxonomy":"category","embeddable":true,"href":"https:\/\/cooperativaredloslagos.cl\/wp-json\/wp\/v2\/categories?post=4679"},{"taxonomy":"post_tag","embeddable":true,"href":"https:\/\/cooperativaredloslagos.cl\/wp-json\/wp\/v2\/tags?post=4679"}],"curies":[{"name":"wp","href":"https:\/\/api.w.org\/{rel}","templated":true}]}}