{"id":4686,"date":"2026-03-05T11:02:10","date_gmt":"2026-03-05T14:02:10","guid":{"rendered":"https:\/\/cooperativaredloslagos.cl\/?p=4686"},"modified":"2026-03-05T11:05:26","modified_gmt":"2026-03-05T14:05:26","slug":"clinica-andes-salud-puerto-montt-obtiene-tercera-acreditacion-nacional-y-marca-hito-en-la-region","status":"publish","type":"post","link":"https:\/\/cooperativaredloslagos.cl\/2026\/03\/05\/clinica-andes-salud-puerto-montt-obtiene-tercera-acreditacion-nacional-y-marca-hito-en-la-region\/","title":{"rendered":"Cl\u00ednica Andes Salud Puerto Montt obtiene tercera acreditaci\u00f3n nacional y marca hito en la regi\u00f3n"},"content":{"rendered":"\n<p>La Cl\u00ednica Andes Salud Puerto Montt celebr\u00f3 la obtenci\u00f3n de su <strong>tercera acreditaci\u00f3n nacional consecutiva<\/strong>, convirti\u00e9ndose en la primera y \u00fanica cl\u00ednica de la Regi\u00f3n de Los Lagos en alcanzar este reconocimiento, que certifica el cumplimiento de altos est\u00e1ndares de calidad y seguridad en la atenci\u00f3n de salud.<\/p>\n\n\n\n<p>La ceremonia de entrega del certificado fue encabezada por la <strong>Superintendencia de Salud<\/strong> y cont\u00f3 con la presencia de diversas autoridades del sector sanitario, adem\u00e1s de directivos y colaboradores del establecimiento.<\/p>\n\n\n\n<p>El agente regional de la Superintendencia de Salud, <strong>Francisco Garrido<\/strong>, destac\u00f3 el impacto de esta acreditaci\u00f3n para la regi\u00f3n.<\/p>\n\n\n\n<p>\u201cEs un tremendo hito para el sector salud ac\u00e1 en la regi\u00f3n, porque significa que esta cl\u00ednica cumple con los est\u00e1ndares de calidad y con las condiciones establecidas por la autoridad sanitaria para brindar atenciones en un contexto de seguridad, disminuyendo al m\u00e1ximo los riesgos para los pacientes\u201d, se\u00f1al\u00f3.<\/p>\n\n\n\n<h3 class=\"wp-block-heading has-text-align-center\">Autoridades y equipo de salud<\/h3>\n\n\n\n<p>La actividad se desarroll\u00f3 en las dependencias del recinto asistencial y cont\u00f3 con la participaci\u00f3n de la <strong>seremi de Salud de Los Lagos, Karin Sol\u00eds; la directora del Servicio de Salud del Reloncav\u00ed, B\u00e1rbara Del Pino; el gerente general de Andes Salud, Gonzalo Grebe; el gerente general de Cl\u00ednica Andes Salud Puerto Montt, Juan Sabaj; y el director m\u00e9dico del recinto, Felipe Gonz\u00e1lez<\/strong>, entre otros representantes del sector.<\/p>\n\n\n\n<p>Durante la ceremonia se realiz\u00f3 la entrega oficial del certificado de acreditaci\u00f3n y el <strong>descubrimiento de la placa conmemorativa<\/strong>, instancia en la que se destac\u00f3 el trabajo de los <strong>m\u00e1s de 600 colaboradores y 320 m\u00e9dicos<\/strong> que forman parte del equipo de la cl\u00ednica.<\/p>\n\n\n\n<p>El gerente general de Andes Salud, <strong>Gonzalo Grebe<\/strong>, valor\u00f3 el proceso y destac\u00f3 el compromiso del equipo.<\/p>\n\n\n\n<p>\u201cLo m\u00e1s importante es la se\u00f1al que estamos dando a nuestros pacientes. Despu\u00e9s de m\u00e1s de 10 a\u00f1os viviendo distintos procesos, hoy estamos celebrando esta tercera acreditaci\u00f3n y somos la primera y \u00fanica cl\u00ednica en esta regi\u00f3n que lo ha logrado\u201d, afirm\u00f3.<\/p>\n\n\n\n<h3 class=\"wp-block-heading has-text-align-center\">Est\u00e1ndares de calidad y seguridad<\/h3>\n\n\n\n<p>Por su parte, la seremi de Salud de Los Lagos, <strong>Karin Sol\u00eds<\/strong>, resalt\u00f3 que esta certificaci\u00f3n garantiza que el establecimiento cumple con los est\u00e1ndares exigidos para entregar prestaciones seguras y de calidad.<\/p>\n\n\n\n<p>\u201cFelicitamos a Cl\u00ednica Andes Salud Puerto Montt por este gran logro. Esta tercera acreditaci\u00f3n certifica que el establecimiento cumple con est\u00e1ndares de calidad y seguridad en la atenci\u00f3n, lo que es relevante considerando que cerca del 80% de los usuarios de Fonasa transitan por este recinto\u201d, indic\u00f3.<\/p>\n\n\n\n<p>En la misma l\u00ednea, la directora del Servicio de Salud del Reloncav\u00ed, <strong>B\u00e1rbara Del Pino<\/strong>, subray\u00f3 que la cl\u00ednica cumple un rol importante dentro de la red de atenci\u00f3n regional.<\/p>\n\n\n\n<p>\u201cPara nosotros es una tremenda noticia, porque es uno de nuestros colaboradores relevantes en el cuidado de los pacientes, y saber que son atendidos con estas normativas de seguridad y calidad es algo que valoramos mucho\u201d, sostuvo.<\/p>\n\n\n\n<p>Este reconocimiento se suma a los obtenidos por otras cl\u00ednicas de la red <strong>Andes Salud<\/strong>, como El Loa, Chill\u00e1n y Concepci\u00f3n, que tambi\u00e9n cuentan con tres acreditaciones nacionales.<\/p>\n\n\n\n<p>Con este logro, <strong>Cl\u00ednica Andes Salud Puerto Montt reafirma su posicionamiento como uno de los centros de salud privados con mayores est\u00e1ndares de calidad y seguridad en la Regi\u00f3n de Los Lagos<\/strong>.<\/p>\n","protected":false},"excerpt":{"rendered":"<p>La Cl\u00ednica Andes Salud Puerto Montt celebr\u00f3 la obtenci\u00f3n de su tercera acreditaci\u00f3n nacional consecutiva, convirti\u00e9ndose en la primera y \u00fanica cl\u00ednica de la Regi\u00f3n [&hellip;]<\/p>\n","protected":false},"author":1,"featured_media":4688,"comment_status":"closed","ping_status":"closed","sticky":false,"template":"","format":"standard","meta":{"_monsterinsights_skip_tracking":false,"_monsterinsights_sitenote_active":false,"_monsterinsights_sitenote_note":"","_monsterinsights_sitenote_category":0,"footnotes":""},"categories":[17,15,16],"tags":[],"class_list":["post-4686","post","type-post","status-publish","format-standard","has-post-thumbnail","hentry","category-puerto-montt","category-regional","category-salud"],"_links":{"self":[{"href":"https:\/\/cooperativaredloslagos.cl\/wp-json\/wp\/v2\/posts\/4686","targetHints":{"allow":["GET"]}}],"collection":[{"href":"https:\/\/cooperativaredloslagos.cl\/wp-json\/wp\/v2\/posts"}],"about":[{"href":"https:\/\/cooperativaredloslagos.cl\/wp-json\/wp\/v2\/types\/post"}],"author":[{"embeddable":true,"href":"https:\/\/cooperativaredloslagos.cl\/wp-json\/wp\/v2\/users\/1"}],"replies":[{"embeddable":true,"href":"https:\/\/cooperativaredloslagos.cl\/wp-json\/wp\/v2\/comments?post=4686"}],"version-history":[{"count":3,"href":"https:\/\/cooperativaredloslagos.cl\/wp-json\/wp\/v2\/posts\/4686\/revisions"}],"predecessor-version":[{"id":4691,"href":"https:\/\/cooperativaredloslagos.cl\/wp-json\/wp\/v2\/posts\/4686\/revisions\/4691"}],"wp:featuredmedia":[{"embeddable":true,"href":"https:\/\/cooperativaredloslagos.cl\/wp-json\/wp\/v2\/media\/4688"}],"wp:attachment":[{"href":"https:\/\/cooperativaredloslagos.cl\/wp-json\/wp\/v2\/media?parent=4686"}],"wp:term":[{"taxonomy":"category","embeddable":true,"href":"https:\/\/cooperativaredloslagos.cl\/wp-json\/wp\/v2\/categories?post=4686"},{"taxonomy":"post_tag","embeddable":true,"href":"https:\/\/cooperativaredloslagos.cl\/wp-json\/wp\/v2\/tags?post=4686"}],"curies":[{"name":"wp","href":"https:\/\/api.w.org\/{rel}","templated":true}]}}