{"id":4692,"date":"2026-03-05T12:36:59","date_gmt":"2026-03-05T15:36:59","guid":{"rendered":"https:\/\/cooperativaredloslagos.cl\/?p=4692"},"modified":"2026-03-05T12:37:02","modified_gmt":"2026-03-05T15:37:02","slug":"corfo-impulsa-hoja-de-ruta-para-fortalecer-la-construccion-naval-en-chile","status":"publish","type":"post","link":"https:\/\/cooperativaredloslagos.cl\/2026\/03\/05\/corfo-impulsa-hoja-de-ruta-para-fortalecer-la-construccion-naval-en-chile\/","title":{"rendered":"Corfo impulsa hoja de ruta para fortalecer la construcci\u00f3n naval en Chile"},"content":{"rendered":"\n<p>El Consejo Directivo del Comit\u00e9 de Construcci\u00f3n Naval proyecta contar durante el primer semestre de este a\u00f1o con la <strong>Hoja de Ruta para el desarrollo del sector<\/strong>, instrumento que orientar\u00e1 la implementaci\u00f3n de la Pol\u00edtica Nacional de Construcci\u00f3n Naval en Chile.<\/p>\n\n\n\n<p>La instancia se reuni\u00f3 este lunes 2 de marzo en dependencias de Corfo con el objetivo de impulsar el desarrollo tecnol\u00f3gico y los encadenamientos productivos necesarios para consolidar la industria mar\u00edtima nacional. Entre sus metas est\u00e1 asegurar que <strong>las unidades de superficie requeridas por la Armada de Chile puedan construirse en el pa\u00eds<\/strong> durante los pr\u00f3ximos a\u00f1os.<\/p>\n\n\n\n<p>La sesi\u00f3n cont\u00f3 con la participaci\u00f3n del <strong>vicepresidente ejecutivo de Corfo, Jos\u00e9 Miguel Benavente<\/strong>, junto a representantes del Ministerio de Econom\u00eda, el Ministerio de Defensa Nacional y la Armada de Chile. La reuni\u00f3n fue presidida por <strong>Jos\u00e9 Andr\u00e9s de la Maza<\/strong>, ex comandante en jefe de la Armada.<\/p>\n\n\n\n<p>Durante el encuentro, el Consejo Directivo \u2014encargado de identificar y promover pol\u00edticas p\u00fablicas, programas e iniciativas de fomento para la industria\u2014 aprob\u00f3 el <strong>plan de trabajo para los pr\u00f3ximos seis meses<\/strong>.<\/p>\n\n\n\n<p>Entre los principales hitos se contempla la entrega en <strong>mayo de la Hoja de Ruta para la implementaci\u00f3n de la Pol\u00edtica de Construcci\u00f3n Naval<\/strong>, adem\u00e1s de propuestas de acci\u00f3n temprana en \u00e1reas clave como inversi\u00f3n y financiamiento, innovaci\u00f3n y manufactura, normas y est\u00e1ndares, capital humano, sustentabilidad y econom\u00eda circular.<\/p>\n\n\n\n<p>Asimismo, se proyecta la puesta en marcha de un <strong>Programa Estrat\u00e9gico Mesoregional de Corfo<\/strong>, que integrar\u00e1 a las regiones de Valpara\u00edso, Biob\u00edo, Los R\u00edos, Los Lagos y Magallanes, con el objetivo de fortalecer el desarrollo de la industria naval en distintos territorios del pa\u00eds.<\/p>\n\n\n\n<p>El vicepresidente ejecutivo de Corfo, <strong>Jos\u00e9 Miguel Benavente<\/strong>, destac\u00f3 el impacto de esta iniciativa para el desarrollo industrial de Chile.<\/p>\n\n\n\n<p>\u201cEsta iniciativa permite combinar innovaci\u00f3n, ingenier\u00eda y capacidades productivas, posicionando a Chile como un pa\u00eds capaz de dise\u00f1ar, construir y mantener su propia flota. Cada buque construido en Chile es tambi\u00e9n una plataforma para el aprendizaje, la innovaci\u00f3n y la transferencia tecnol\u00f3gica\u201d, se\u00f1al\u00f3.<\/p>\n\n\n\n<h3 class=\"wp-block-heading has-text-align-center\">Regi\u00f3n de Los Lagos se posiciona en el desarrollo naval<\/h3>\n\n\n\n<p>En este contexto, la <strong>Regi\u00f3n de Los Lagos<\/strong> tambi\u00e9n avanza en la implementaci\u00f3n de la pol\u00edtica nacional, posicion\u00e1ndose como un territorio con capacidades productivas y tecnol\u00f3gicas relevantes para el desarrollo de esta industria estrat\u00e9gica.<\/p>\n\n\n\n<p>Recientemente, un equipo de Corfo encabezado por Jos\u00e9 Miguel Benavente visit\u00f3 en <strong>Puerto Montt<\/strong> las instalaciones de <strong>SITECNA<\/strong>, empresa que forma parte del encadenamiento productivo del sector naval desde el sur de Chile.<\/p>\n\n\n\n<p>Durante la visita, la autoridad conoci\u00f3 los desarrollos tecnol\u00f3gicos que la compa\u00f1\u00eda impulsa en el <strong>dise\u00f1o, fabricaci\u00f3n y operaci\u00f3n de embarcaciones<\/strong>, tanto para la industria mar\u00edtima como para el sector acu\u00edcola.<\/p>\n\n\n\n<p>En este marco destaca el proyecto <strong>SITECNA + Naval<\/strong>, iniciativa apoyada por Corfo que busca fortalecer las capacidades de ingenier\u00eda, innovaci\u00f3n y manufactura para el desarrollo de soluciones tecnol\u00f3gicas vinculadas a embarcaciones y artefactos mar\u00edtimos.<\/p>\n\n\n\n<p>La visita permiti\u00f3 relevar el potencial de <strong>Los Lagos como polo estrat\u00e9gico para la construcci\u00f3n naval<\/strong>, donde convergen capacidades industriales, conocimiento t\u00e9cnico y un ecosistema productivo ligado al mar, elementos clave para impulsar el crecimiento del sector y generar encadenamientos productivos con impacto en la econom\u00eda regional.<\/p>\n","protected":false},"excerpt":{"rendered":"<p>El Consejo Directivo del Comit\u00e9 de Construcci\u00f3n Naval proyecta contar durante el primer semestre de este a\u00f1o con la Hoja de Ruta para el desarrollo [&hellip;]<\/p>\n","protected":false},"author":1,"featured_media":4693,"comment_status":"closed","ping_status":"closed","sticky":false,"template":"","format":"standard","meta":{"_monsterinsights_skip_tracking":false,"_monsterinsights_sitenote_active":false,"_monsterinsights_sitenote_note":"","_monsterinsights_sitenote_category":0,"footnotes":""},"categories":[24,8],"tags":[],"class_list":["post-4692","post","type-post","status-publish","format-standard","has-post-thumbnail","hentry","category-nacional","category-technology"],"_links":{"self":[{"href":"https:\/\/cooperativaredloslagos.cl\/wp-json\/wp\/v2\/posts\/4692","targetHints":{"allow":["GET"]}}],"collection":[{"href":"https:\/\/cooperativaredloslagos.cl\/wp-json\/wp\/v2\/posts"}],"about":[{"href":"https:\/\/cooperativaredloslagos.cl\/wp-json\/wp\/v2\/types\/post"}],"author":[{"embeddable":true,"href":"https:\/\/cooperativaredloslagos.cl\/wp-json\/wp\/v2\/users\/1"}],"replies":[{"embeddable":true,"href":"https:\/\/cooperativaredloslagos.cl\/wp-json\/wp\/v2\/comments?post=4692"}],"version-history":[{"count":1,"href":"https:\/\/cooperativaredloslagos.cl\/wp-json\/wp\/v2\/posts\/4692\/revisions"}],"predecessor-version":[{"id":4694,"href":"https:\/\/cooperativaredloslagos.cl\/wp-json\/wp\/v2\/posts\/4692\/revisions\/4694"}],"wp:featuredmedia":[{"embeddable":true,"href":"https:\/\/cooperativaredloslagos.cl\/wp-json\/wp\/v2\/media\/4693"}],"wp:attachment":[{"href":"https:\/\/cooperativaredloslagos.cl\/wp-json\/wp\/v2\/media?parent=4692"}],"wp:term":[{"taxonomy":"category","embeddable":true,"href":"https:\/\/cooperativaredloslagos.cl\/wp-json\/wp\/v2\/categories?post=4692"},{"taxonomy":"post_tag","embeddable":true,"href":"https:\/\/cooperativaredloslagos.cl\/wp-json\/wp\/v2\/tags?post=4692"}],"curies":[{"name":"wp","href":"https:\/\/api.w.org\/{rel}","templated":true}]}}