{"id":4695,"date":"2026-03-05T16:25:05","date_gmt":"2026-03-05T19:25:05","guid":{"rendered":"https:\/\/cooperativaredloslagos.cl\/?p=4695"},"modified":"2026-03-05T16:25:08","modified_gmt":"2026-03-05T19:25:08","slug":"boric-arremete-contra-proyecto-que-conmuta-penas-los-criminales-tienen-que-estar-donde-deben-estar","status":"publish","type":"post","link":"https:\/\/cooperativaredloslagos.cl\/2026\/03\/05\/boric-arremete-contra-proyecto-que-conmuta-penas-los-criminales-tienen-que-estar-donde-deben-estar\/","title":{"rendered":"Boric arremete contra proyecto que conmuta penas: \u201cLos criminales tienen que estar donde deben estar\u201d"},"content":{"rendered":"\n<p>Una fuerte controversia gener\u00f3 en el \u00e1mbito pol\u00edtico el avance en el Congreso de un proyecto de ley que permitir\u00eda <strong>conmutar, suspender o modificar penas a determinados condenados<\/strong>, iniciativa que fue aprobada en general en el Senado.<\/p>\n\n\n\n<p>La propuesta fue ingresada por cinco senadores de oposici\u00f3n, entre ellos <strong>Rojo Edwards, Luciano Cruz-Coke y Luz Ebensperger<\/strong>, y fue respaldada en la sala con <strong>23 votos a favor y 22 en contra<\/strong>.<\/p>\n\n\n\n<p>El proyecto establece que podr\u00edan acceder al beneficio personas que cumplan ciertos requisitos, como <strong>padecer una enfermedad cr\u00f3nica que no pueda ser tratada adecuadamente en prisi\u00f3n, sufrir una enfermedad terminal, tener alguna discapacidad o ser mayores de 70 a\u00f1os cuya edad m\u00e1s los a\u00f1os cumplidos en prisi\u00f3n superen los 80<\/strong>.<\/p>\n\n\n\n<p>Tras la aprobaci\u00f3n en general, se fij\u00f3 plazo <strong>hasta las 12:00 horas del lunes 9 de marzo<\/strong> para presentar indicaciones antes de continuar con la tramitaci\u00f3n legislativa.<\/p>\n\n\n\n<h3 class=\"wp-block-heading has-text-align-center\">Debate por posibles beneficiarios<\/h3>\n\n\n\n<p>Entre los casos que se han mencionado como potenciales beneficiarios aparece <strong>Mar\u00eda del Pilar P\u00e9rez, conocida como \u201cLa Quintrala\u201d<\/strong>, condenada a cadena perpetua por homicidios. P\u00e9rez tiene actualmente 74 a\u00f1os y m\u00e1s de una d\u00e9cada en prisi\u00f3n, por lo que cumplir\u00eda con uno de los requisitos considerados en la iniciativa.<\/p>\n\n\n\n<p>El tema gener\u00f3 cr\u00edticas desde el Gobierno. Durante la inauguraci\u00f3n del nuevo eje Alameda-Providencia, el presidente <strong>Gabriel Boric<\/strong> cuestion\u00f3 la aprobaci\u00f3n del proyecto.<\/p>\n\n\n\n<p>\u201cInevitablemente genera desencuentro lo que se aprob\u00f3 ayer en general en el Senado. Chile ha avanzado mucho en materia de derechos humanos y de tener claro que los criminales tienen que estar donde deben estar, los criminales de lesa humanidad, pero tambi\u00e9n los pederastas y los asesinos\u201d, afirm\u00f3.<\/p>\n\n\n\n<p>El mandatario a\u00f1adi\u00f3 que \u201cla justicia no es venganza, la justicia es justicia\u201d, y manifest\u00f3 su expectativa de que el Congreso reflexione sobre los alcances de la iniciativa.<\/p>\n\n\n\n<h3 class=\"wp-block-heading has-text-align-center\">Preocupaci\u00f3n del Ejecutivo<\/h3>\n\n\n\n<p>En la misma l\u00ednea, la ministra vocera de Gobierno, <strong>Camila Vallejo<\/strong>, expres\u00f3 \u201cprofunda preocupaci\u00f3n\u201d por la tramitaci\u00f3n del proyecto.<\/p>\n\n\n\n<p>\u201cComo gobierno venimos advirtiendo hace meses el peligro que significa el avance de este proyecto impulsado por la derecha, que busca abrirle las puertas de las c\u00e1rceles a genocidas, parricidas, femicidas y homicidas\u201d, se\u00f1al\u00f3.<\/p>\n\n\n\n<p>La secretaria de Estado agreg\u00f3 que se trata de una iniciativa que consideran cercana a la futura administraci\u00f3n.<\/p>\n\n\n\n<h3 class=\"wp-block-heading has-text-align-center\">Argumentos de sus impulsores<\/h3>\n\n\n\n<p>Desde la oposici\u00f3n, uno de los autores del proyecto, el senador <strong>Rojo Edwards<\/strong>, defendi\u00f3 la propuesta se\u00f1alando que busca abordar situaciones humanitarias.<\/p>\n\n\n\n<p>\u201cCuando una persona tiene Alzheimer ni siquiera sabe por qu\u00e9 est\u00e1 en la c\u00e1rcel. \u00bfSer\u00e1 bueno que esa persona muera en la c\u00e1rcel? \u00bfPodr\u00e1 morir con la condena en su casa con su familia?\u201d, plante\u00f3.<\/p>\n\n\n\n<p>El parlamentario sostuvo adem\u00e1s que el debate debe considerar criterios de humanidad en los casos de personas con enfermedades terminales o condiciones de salud graves.<\/p>\n\n\n\n<p>La discusi\u00f3n del proyecto continuar\u00e1 en el Senado una vez que se revisen las indicaciones que puedan presentarse antes del plazo establecido.<\/p>\n","protected":false},"excerpt":{"rendered":"<p>Una fuerte controversia gener\u00f3 en el \u00e1mbito pol\u00edtico el avance en el Congreso de un proyecto de ley que permitir\u00eda conmutar, suspender o modificar penas [&hellip;]<\/p>\n","protected":false},"author":1,"featured_media":4543,"comment_status":"closed","ping_status":"closed","sticky":false,"template":"","format":"standard","meta":{"_monsterinsights_skip_tracking":false,"_monsterinsights_sitenote_active":false,"_monsterinsights_sitenote_note":"","_monsterinsights_sitenote_category":0,"footnotes":""},"categories":[24,6],"tags":[],"class_list":["post-4695","post","type-post","status-publish","format-standard","has-post-thumbnail","hentry","category-nacional","category-politics"],"_links":{"self":[{"href":"https:\/\/cooperativaredloslagos.cl\/wp-json\/wp\/v2\/posts\/4695","targetHints":{"allow":["GET"]}}],"collection":[{"href":"https:\/\/cooperativaredloslagos.cl\/wp-json\/wp\/v2\/posts"}],"about":[{"href":"https:\/\/cooperativaredloslagos.cl\/wp-json\/wp\/v2\/types\/post"}],"author":[{"embeddable":true,"href":"https:\/\/cooperativaredloslagos.cl\/wp-json\/wp\/v2\/users\/1"}],"replies":[{"embeddable":true,"href":"https:\/\/cooperativaredloslagos.cl\/wp-json\/wp\/v2\/comments?post=4695"}],"version-history":[{"count":1,"href":"https:\/\/cooperativaredloslagos.cl\/wp-json\/wp\/v2\/posts\/4695\/revisions"}],"predecessor-version":[{"id":4696,"href":"https:\/\/cooperativaredloslagos.cl\/wp-json\/wp\/v2\/posts\/4695\/revisions\/4696"}],"wp:featuredmedia":[{"embeddable":true,"href":"https:\/\/cooperativaredloslagos.cl\/wp-json\/wp\/v2\/media\/4543"}],"wp:attachment":[{"href":"https:\/\/cooperativaredloslagos.cl\/wp-json\/wp\/v2\/media?parent=4695"}],"wp:term":[{"taxonomy":"category","embeddable":true,"href":"https:\/\/cooperativaredloslagos.cl\/wp-json\/wp\/v2\/categories?post=4695"},{"taxonomy":"post_tag","embeddable":true,"href":"https:\/\/cooperativaredloslagos.cl\/wp-json\/wp\/v2\/tags?post=4695"}],"curies":[{"name":"wp","href":"https:\/\/api.w.org\/{rel}","templated":true}]}}