{"id":4697,"date":"2026-03-05T16:55:36","date_gmt":"2026-03-05T19:55:36","guid":{"rendered":"https:\/\/cooperativaredloslagos.cl\/?p=4697"},"modified":"2026-03-05T16:55:38","modified_gmt":"2026-03-05T19:55:38","slug":"teleton-invita-a-sumarse-a-su-voluntariado-permanente-2026-en-puerto-montt","status":"publish","type":"post","link":"https:\/\/cooperativaredloslagos.cl\/2026\/03\/05\/teleton-invita-a-sumarse-a-su-voluntariado-permanente-2026-en-puerto-montt\/","title":{"rendered":"Telet\u00f3n invita a sumarse a su Voluntariado Permanente 2026 en Puerto Montt"},"content":{"rendered":"\n<p>Telet\u00f3n mantiene abierto el proceso de postulaci\u00f3n para su <strong>Voluntariado Permanente 2026<\/strong>, iniciativa que se desarrolla en los 15 institutos de la instituci\u00f3n a nivel nacional y que busca apoyar los procesos de rehabilitaci\u00f3n e inclusi\u00f3n de ni\u00f1os, ni\u00f1as y j\u00f3venes con discapacidad.<\/p>\n\n\n\n<p>La convocatoria est\u00e1 dirigida a <strong>personas mayores de 18 a\u00f1os<\/strong> que deseen aportar activamente al trabajo que realiza Telet\u00f3n junto a las familias que forman parte de sus programas.<\/p>\n\n\n\n<p>En el caso del <strong>Instituto Telet\u00f3n Puerto Montt<\/strong>, se contempla la incorporaci\u00f3n de <strong>95 nuevos voluntarios<\/strong>, quienes cumplir\u00e1n un rol importante en distintas acciones de acompa\u00f1amiento y apoyo a los pacientes y sus familias.<\/p>\n\n\n\n<h3 class=\"wp-block-heading has-text-align-center\">Proceso de postulaci\u00f3n<\/h3>\n\n\n\n<p>Las inscripciones estar\u00e1n abiertas <strong>hasta el 15 de marzo<\/strong> y se realizan exclusivamente de manera online a trav\u00e9s del sitio <strong><a href=\"http:\/\/www.voluntariado-teleton.cl\">www.voluntariado-teleton.cl<\/a><\/strong>, \u00fanica plataforma habilitada para postular.<\/p>\n\n\n\n<p>Las y los voluntarios participan en diversas iniciativas orientadas a la inclusi\u00f3n y la participaci\u00f3n social, entre ellas actividades de integraci\u00f3n en espacios p\u00fablicos, programas de accesibilidad en los hogares y acompa\u00f1amiento a pacientes y familias, especialmente durante su primera consulta en el instituto.<\/p>\n\n\n\n<h3 class=\"wp-block-heading has-text-align-center\">Requisitos<\/h3>\n\n\n\n<p>Para postular al voluntariado se debe:<\/p>\n\n\n\n<ul class=\"wp-block-list\">\n<li>Tener <strong>18 a\u00f1os o m\u00e1s<\/strong><\/li>\n\n\n\n<li>Contar con <strong>disponibilidad m\u00ednima de 3 horas continuas semanales<\/strong><\/li>\n\n\n\n<li>Tener disponibilidad para <strong>capacitaciones y reuniones de coordinaci\u00f3n<\/strong><\/li>\n\n\n\n<li>Seleccionar el <strong>Instituto Telet\u00f3n Puerto Montt<\/strong> durante el proceso de inscripci\u00f3n<\/li>\n<\/ul>\n\n\n\n<p>El proceso de selecci\u00f3n considera <strong>entrevistas grupales e individuales<\/strong>, las que comenzar\u00e1n a realizarse desde la \u00faltima semana de febrero. Posteriormente, quienes sean seleccionados deber\u00e1n participar en una <strong>inducci\u00f3n general obligatoria<\/strong> y en una capacitaci\u00f3n espec\u00edfica seg\u00fan el programa al que sean asignados.<\/p>\n\n\n\n<p>Desde Telet\u00f3n destacaron que el voluntariado es un pilar fundamental para el desarrollo de sus programas de rehabilitaci\u00f3n e inclusi\u00f3n, por lo que extendieron la invitaci\u00f3n a la comunidad a sumarse a esta iniciativa solidaria.<\/p>\n\n\n\n<p>M\u00e1s informaci\u00f3n y postulaciones se encuentran disponibles en <strong><a href=\"http:\/\/www.teleton.cl\">www.teleton.cl<\/a><\/strong> y en <strong><a href=\"http:\/\/www.voluntariado-teleton.cl\">www.voluntariado-teleton.cl<\/a><\/strong>.<\/p>\n","protected":false},"excerpt":{"rendered":"<p>Telet\u00f3n mantiene abierto el proceso de postulaci\u00f3n para su Voluntariado Permanente 2026, iniciativa que se desarrolla en los 15 institutos de la instituci\u00f3n a nivel [&hellip;]<\/p>\n","protected":false},"author":1,"featured_media":4698,"comment_status":"closed","ping_status":"closed","sticky":false,"template":"","format":"standard","meta":{"_monsterinsights_skip_tracking":false,"_monsterinsights_sitenote_active":false,"_monsterinsights_sitenote_note":"","_monsterinsights_sitenote_category":0,"footnotes":""},"categories":[17,15,4],"tags":[],"class_list":["post-4697","post","type-post","status-publish","format-standard","has-post-thumbnail","hentry","category-puerto-montt","category-regional","category-lifestyle"],"_links":{"self":[{"href":"https:\/\/cooperativaredloslagos.cl\/wp-json\/wp\/v2\/posts\/4697","targetHints":{"allow":["GET"]}}],"collection":[{"href":"https:\/\/cooperativaredloslagos.cl\/wp-json\/wp\/v2\/posts"}],"about":[{"href":"https:\/\/cooperativaredloslagos.cl\/wp-json\/wp\/v2\/types\/post"}],"author":[{"embeddable":true,"href":"https:\/\/cooperativaredloslagos.cl\/wp-json\/wp\/v2\/users\/1"}],"replies":[{"embeddable":true,"href":"https:\/\/cooperativaredloslagos.cl\/wp-json\/wp\/v2\/comments?post=4697"}],"version-history":[{"count":1,"href":"https:\/\/cooperativaredloslagos.cl\/wp-json\/wp\/v2\/posts\/4697\/revisions"}],"predecessor-version":[{"id":4699,"href":"https:\/\/cooperativaredloslagos.cl\/wp-json\/wp\/v2\/posts\/4697\/revisions\/4699"}],"wp:featuredmedia":[{"embeddable":true,"href":"https:\/\/cooperativaredloslagos.cl\/wp-json\/wp\/v2\/media\/4698"}],"wp:attachment":[{"href":"https:\/\/cooperativaredloslagos.cl\/wp-json\/wp\/v2\/media?parent=4697"}],"wp:term":[{"taxonomy":"category","embeddable":true,"href":"https:\/\/cooperativaredloslagos.cl\/wp-json\/wp\/v2\/categories?post=4697"},{"taxonomy":"post_tag","embeddable":true,"href":"https:\/\/cooperativaredloslagos.cl\/wp-json\/wp\/v2\/tags?post=4697"}],"curies":[{"name":"wp","href":"https:\/\/api.w.org\/{rel}","templated":true}]}}