{"id":4700,"date":"2026-03-05T17:04:25","date_gmt":"2026-03-05T20:04:25","guid":{"rendered":"https:\/\/cooperativaredloslagos.cl\/?p=4700"},"modified":"2026-03-05T17:12:58","modified_gmt":"2026-03-05T20:12:58","slug":"ffoip-2026-comienzan-capacitaciones-para-organizaciones-sociales-en-los-lagos","status":"publish","type":"post","link":"https:\/\/cooperativaredloslagos.cl\/2026\/03\/05\/ffoip-2026-comienzan-capacitaciones-para-organizaciones-sociales-en-los-lagos\/","title":{"rendered":"FFOIP 2026: comienzan capacitaciones para organizaciones sociales en Los Lagos"},"content":{"rendered":"\n<p>Las organizaciones sociales de la Regi\u00f3n de Los Lagos ya pueden prepararse para postular al <strong>Fondo de Fortalecimiento de Organizaciones de Inter\u00e9s P\u00fablico (FFOIP) 2026<\/strong>, iniciativa impulsada por el Ministerio Secretar\u00eda General de Gobierno que busca apoyar proyectos comunitarios.<\/p>\n\n\n\n<p>Las <strong>postulaciones estar\u00e1n abiertas hasta el 2 de abril en modalidad virtual<\/strong>, mientras que las <strong>inscripciones presenciales podr\u00e1n realizarse hasta el 26 de marzo<\/strong>.<\/p>\n\n\n\n<p>La seremi de Gobierno de Los Lagos, <strong>Danitza Ortiz Viveros<\/strong>, llam\u00f3 a las agrupaciones a participar del proceso y aprovechar las instancias de capacitaci\u00f3n disponibles.<\/p>\n\n\n\n<p>\u201cLo primero es capacitarse para que la postulaci\u00f3n sea mucho m\u00e1s competente. Invitamos a seguir fortaleciendo la articulaci\u00f3n social y el trabajo de cada organizaci\u00f3n\u201d, se\u00f1al\u00f3 la autoridad.<\/p>\n\n\n\n<h3 class=\"wp-block-heading has-text-align-center\">Financiamiento para organizaciones comunitarias<\/h3>\n\n\n\n<p>El FFOIP entrega recursos a organizaciones que desarrollan iniciativas en beneficio de la comunidad en \u00e1reas como <strong>derechos ciudadanos, educaci\u00f3n, salud, voluntariado y promoci\u00f3n del bien com\u00fan<\/strong>.<\/p>\n\n\n\n<p>Entre las entidades que pueden postular se encuentran <strong>juntas de vecinos, clubes deportivos, comunidades ind\u00edgenas y organizaciones no gubernamentales<\/strong>, siempre que cuenten con <strong>al menos dos a\u00f1os de antig\u00fcedad<\/strong> y est\u00e9n inscritas en el <strong>Catastro de Organizaciones de Inter\u00e9s P\u00fablico<\/strong>.<\/p>\n\n\n\n<p>Las bases del concurso se encuentran disponibles en el sitio <strong>fondodefortalecimiento.gob.cl<\/strong>, mientras que las postulaciones deben realizarse a trav\u00e9s de la plataforma <strong>fondos.gob.cl<\/strong>.<\/p>\n\n\n\n<h3 class=\"wp-block-heading has-text-align-center\">Capacitaciones para el proceso<\/h3>\n\n\n\n<p>Con el objetivo de apoyar a las organizaciones durante el proceso de postulaci\u00f3n, el Ministerio Secretar\u00eda General de Gobierno realizar\u00e1 <strong>capacitaciones informativas<\/strong>.<\/p>\n\n\n\n<p>La primera de ellas se llevar\u00e1 a cabo <strong>el jueves 12 de marzo a las 15:00 horas<\/strong>, en modalidad virtual a trav\u00e9s de la plataforma Meet.<\/p>\n\n\n\n<p>Las organizaciones interesadas pueden participar en la capacitaci\u00f3n ingresando al siguiente enlace:<br><strong><a href=\"https:\/\/meet.google.com\/kia-sxpq-mrm\">https:\/\/meet.google.com\/kia-sxpq-mrm<\/a><\/strong><\/p>\n\n\n\n<p>Desde el Gobierno reiteraron la invitaci\u00f3n a las organizaciones sociales de la regi\u00f3n a informarse y participar en este fondo, que busca <strong>fortalecer el trabajo comunitario y promover la participaci\u00f3n ciudadana<\/strong>.<\/p>\n","protected":false},"excerpt":{"rendered":"<p>Las organizaciones sociales de la Regi\u00f3n de Los Lagos ya pueden prepararse para postular al Fondo de Fortalecimiento de Organizaciones de Inter\u00e9s P\u00fablico (FFOIP) 2026, [&hellip;]<\/p>\n","protected":false},"author":1,"featured_media":4701,"comment_status":"closed","ping_status":"closed","sticky":false,"template":"","format":"standard","meta":{"_monsterinsights_skip_tracking":false,"_monsterinsights_sitenote_active":false,"_monsterinsights_sitenote_note":"","_monsterinsights_sitenote_category":0,"footnotes":""},"categories":[29,22,17,30,15,4],"tags":[],"class_list":["post-4700","post","type-post","status-publish","format-standard","has-post-thumbnail","hentry","category-chiloe","category-osorno","category-puerto-montt","category-puerto-varas","category-regional","category-lifestyle"],"_links":{"self":[{"href":"https:\/\/cooperativaredloslagos.cl\/wp-json\/wp\/v2\/posts\/4700","targetHints":{"allow":["GET"]}}],"collection":[{"href":"https:\/\/cooperativaredloslagos.cl\/wp-json\/wp\/v2\/posts"}],"about":[{"href":"https:\/\/cooperativaredloslagos.cl\/wp-json\/wp\/v2\/types\/post"}],"author":[{"embeddable":true,"href":"https:\/\/cooperativaredloslagos.cl\/wp-json\/wp\/v2\/users\/1"}],"replies":[{"embeddable":true,"href":"https:\/\/cooperativaredloslagos.cl\/wp-json\/wp\/v2\/comments?post=4700"}],"version-history":[{"count":2,"href":"https:\/\/cooperativaredloslagos.cl\/wp-json\/wp\/v2\/posts\/4700\/revisions"}],"predecessor-version":[{"id":4703,"href":"https:\/\/cooperativaredloslagos.cl\/wp-json\/wp\/v2\/posts\/4700\/revisions\/4703"}],"wp:featuredmedia":[{"embeddable":true,"href":"https:\/\/cooperativaredloslagos.cl\/wp-json\/wp\/v2\/media\/4701"}],"wp:attachment":[{"href":"https:\/\/cooperativaredloslagos.cl\/wp-json\/wp\/v2\/media?parent=4700"}],"wp:term":[{"taxonomy":"category","embeddable":true,"href":"https:\/\/cooperativaredloslagos.cl\/wp-json\/wp\/v2\/categories?post=4700"},{"taxonomy":"post_tag","embeddable":true,"href":"https:\/\/cooperativaredloslagos.cl\/wp-json\/wp\/v2\/tags?post=4700"}],"curies":[{"name":"wp","href":"https:\/\/api.w.org\/{rel}","templated":true}]}}