{"id":4704,"date":"2026-03-05T17:52:08","date_gmt":"2026-03-05T20:52:08","guid":{"rendered":"https:\/\/cooperativaredloslagos.cl\/?p=4704"},"modified":"2026-03-05T17:52:10","modified_gmt":"2026-03-05T20:52:10","slug":"consejo-regional-aprueba-millonario-proyecto-de-mejoramiento-de-calles-en-chaiten-sur","status":"publish","type":"post","link":"https:\/\/cooperativaredloslagos.cl\/2026\/03\/05\/consejo-regional-aprueba-millonario-proyecto-de-mejoramiento-de-calles-en-chaiten-sur\/","title":{"rendered":"Consejo Regional aprueba millonario proyecto de mejoramiento de calles en Chait\u00e9n Sur"},"content":{"rendered":"\n<p>Con una inversi\u00f3n de <strong>6 mil 830 millones de pesos<\/strong>, el Consejo Regional de Los Lagos aprob\u00f3 este jueves el <strong>proyecto de mejoramiento de calles en Chait\u00e9n Sur<\/strong>, iniciativa que fue destacada como un avance hist\u00f3rico para la comuna.<\/p>\n\n\n\n<p>Seg\u00fan inform\u00f3 el municipio, el proyecto es resultado de un trabajo conjunto entre <strong>la comunidad, la Municipalidad de Chait\u00e9n y el Gobierno Regional<\/strong>, y contempla intervenciones destinadas a mejorar la infraestructura vial en distintos sectores del \u00e1rea sur de la ciudad.<\/p>\n\n\n\n<p>La iniciativa tiene como objetivo <strong>mejorar la conectividad, aumentar la seguridad y optimizar las condiciones de desplazamiento<\/strong> tanto para peatones como para veh\u00edculos.<\/p>\n\n\n\n<p>Desde el municipio indicaron que las obras permitir\u00e1n avanzar en una mejor calidad de vida para los habitantes del sector, facilitando el tr\u00e1nsito y reforzando la seguridad en las calles.<\/p>\n\n\n\n<p>La alcaldesa de Chait\u00e9n, <strong>Clara Lazcano<\/strong>, valor\u00f3 la aprobaci\u00f3n del proyecto y destac\u00f3 el impacto que tendr\u00e1 para la comunidad.<\/p>\n\n\n\n<p>La jefa comunal se\u00f1al\u00f3 que esta iniciativa permitir\u00e1 <strong>mejorar el desplazamiento de los vecinos en distintos puntos de la comuna<\/strong>, adem\u00e1s de generar <strong>nuevas oportunidades laborales<\/strong> durante la ejecuci\u00f3n de las obras.<\/p>\n\n\n\n<p>Con esta aprobaci\u00f3n, el proyecto da un paso clave para su materializaci\u00f3n, marcando un avance significativo en el desarrollo urbano y la conectividad de <strong>Chait\u00e9n Sur<\/strong>.<\/p>\n","protected":false},"excerpt":{"rendered":"<p>Con una inversi\u00f3n de 6 mil 830 millones de pesos, el Consejo Regional de Los Lagos aprob\u00f3 este jueves el proyecto de mejoramiento de calles [&hellip;]<\/p>\n","protected":false},"author":1,"featured_media":4705,"comment_status":"closed","ping_status":"closed","sticky":false,"template":"","format":"standard","meta":{"_monsterinsights_skip_tracking":false,"_monsterinsights_sitenote_active":false,"_monsterinsights_sitenote_note":"","_monsterinsights_sitenote_category":0,"footnotes":""},"categories":[45,15],"tags":[],"class_list":["post-4704","post","type-post","status-publish","format-standard","has-post-thumbnail","hentry","category-chaiten","category-regional"],"_links":{"self":[{"href":"https:\/\/cooperativaredloslagos.cl\/wp-json\/wp\/v2\/posts\/4704","targetHints":{"allow":["GET"]}}],"collection":[{"href":"https:\/\/cooperativaredloslagos.cl\/wp-json\/wp\/v2\/posts"}],"about":[{"href":"https:\/\/cooperativaredloslagos.cl\/wp-json\/wp\/v2\/types\/post"}],"author":[{"embeddable":true,"href":"https:\/\/cooperativaredloslagos.cl\/wp-json\/wp\/v2\/users\/1"}],"replies":[{"embeddable":true,"href":"https:\/\/cooperativaredloslagos.cl\/wp-json\/wp\/v2\/comments?post=4704"}],"version-history":[{"count":1,"href":"https:\/\/cooperativaredloslagos.cl\/wp-json\/wp\/v2\/posts\/4704\/revisions"}],"predecessor-version":[{"id":4706,"href":"https:\/\/cooperativaredloslagos.cl\/wp-json\/wp\/v2\/posts\/4704\/revisions\/4706"}],"wp:featuredmedia":[{"embeddable":true,"href":"https:\/\/cooperativaredloslagos.cl\/wp-json\/wp\/v2\/media\/4705"}],"wp:attachment":[{"href":"https:\/\/cooperativaredloslagos.cl\/wp-json\/wp\/v2\/media?parent=4704"}],"wp:term":[{"taxonomy":"category","embeddable":true,"href":"https:\/\/cooperativaredloslagos.cl\/wp-json\/wp\/v2\/categories?post=4704"},{"taxonomy":"post_tag","embeddable":true,"href":"https:\/\/cooperativaredloslagos.cl\/wp-json\/wp\/v2\/tags?post=4704"}],"curies":[{"name":"wp","href":"https:\/\/api.w.org\/{rel}","templated":true}]}}