{"id":4709,"date":"2026-03-06T10:40:43","date_gmt":"2026-03-06T13:40:43","guid":{"rendered":"https:\/\/cooperativaredloslagos.cl\/?p=4709"},"modified":"2026-03-06T12:40:57","modified_gmt":"2026-03-06T15:40:57","slug":"inauguran-jardin-infantil-suenos-de-bebe-en-panitao","status":"publish","type":"post","link":"https:\/\/cooperativaredloslagos.cl\/2026\/03\/06\/inauguran-jardin-infantil-suenos-de-bebe-en-panitao\/","title":{"rendered":"Inauguran Jard\u00edn Infantil \u201cSue\u00f1os de Beb\u00e9\u201d en Panitao"},"content":{"rendered":"\n<p>En las nuevas dependencias del jard\u00edn infantil <strong>\u201cSue\u00f1os de Beb\u00e9\u201d<\/strong> se realiz\u00f3 la ceremonia de apertura del a\u00f1o escolar 2026, actividad que reuni\u00f3 a la comunidad educativa y autoridades regionales.<\/p>\n\n\n\n<p>La actividad fue encabezada por el <strong>seremi de Educaci\u00f3n, Juan Eduardo G\u00f3mez<\/strong>, y la <strong>directora regional de Fundaci\u00f3n Integra, Tatiana Az\u00f3car<\/strong>, y cont\u00f3 adem\u00e1s con la presencia de la <strong>delegada presidencial regional, Paulina Mu\u00f1oz<\/strong>, junto a seremis de otras carteras, directores de servicio, representantes de gremios y funcionarios del Ministerio de Educaci\u00f3n.<\/p>\n\n\n\n<h3 class=\"wp-block-heading has-text-align-center\">Un nuevo jard\u00edn para la regi\u00f3n<\/h3>\n\n\n\n<p>El jard\u00edn infantil y sala cuna ya lleva algunos meses en funcionamiento y ha sido de gran ayuda para madres, padres y cuidadores del sector <strong>Panitao<\/strong>, en la comuna de Puerto Montt, al entregar una nueva oferta educativa para las familias del territorio.<\/p>\n\n\n\n<p>El proyecto consider\u00f3 <strong>una inversi\u00f3n superior a los 2 mil millones de pesos<\/strong> y cuenta con moderna infraestructura, que incluye <strong>ventanas con termopanel, 190 metros cuadrados de patios cubiertos interiores y exteriores, calefacci\u00f3n mediante aerotermia y losa radiante<\/strong>, entre otras caracter\u00edsticas que permiten ofrecer espacios c\u00f3modos y adecuados para el desarrollo integral de ni\u00f1os y ni\u00f1as.<\/p>\n\n\n\n<p>Actualmente el establecimiento beneficia a <strong>96 ni\u00f1as y ni\u00f1os<\/strong> y cuenta con un equipo compuesto por <strong>21 trabajadoras y dos manipuladoras de alimentos<\/strong>. Funciona en jornada habitual y adem\u00e1s contempla el programa <strong>\u201cTardes de juego en mi jard\u00edn\u201d<\/strong>.<\/p>\n\n\n\n<p>El seremi de Educaci\u00f3n, <strong>Juan Eduardo G\u00f3mez<\/strong>, destac\u00f3 los avances en educaci\u00f3n parvularia en la regi\u00f3n.<\/p>\n\n\n\n<blockquote class=\"wp-block-quote is-layout-flow wp-block-quote-is-layout-flow\">\n<p>\u201cEstamos contentos porque en educaci\u00f3n parvularia hemos mejorado. Muchos jardines infantiles, entre ellos este jard\u00edn Integra, cuentan hoy con una renovaci\u00f3n completa y con infraestructura nueva que otorga mejor calidad de vida para los funcionarios. Adem\u00e1s, esto tambi\u00e9n mejora la asistencia escolar. Si en 2022 ten\u00edamos una asistencia del 60%, hoy alcanzamos un 77%, lo que nos tiene muy contentos. Avanzamos en infraestructura, como lo hemos hecho en m\u00e1s de 80 escuelas y jardines de la regi\u00f3n\u201d, se\u00f1al\u00f3.<\/p>\n<\/blockquote>\n\n\n\n<p>Por su parte, la <strong>delegada presidencial regional, Paulina Mu\u00f1oz<\/strong>, valor\u00f3 este hito para la educaci\u00f3n inicial.<\/p>\n\n\n\n<blockquote class=\"wp-block-quote is-layout-flow wp-block-quote-is-layout-flow\">\n<p>\u201cQueremos valorar este importante hito que estamos desarrollando en la Regi\u00f3n de Los Lagos, en un jard\u00edn infantil y sala cuna de Integra, que viene a relevar la importancia del trabajo con las guaguas, ni\u00f1os y ni\u00f1as, y tambi\u00e9n el compromiso de las comunidades educativas. Hoy contamos con 98 jardines infantiles en la regi\u00f3n y este espacio representa un lugar seguro para las familias\u201d, indic\u00f3.<\/p>\n<\/blockquote>\n\n\n\n<p>La <strong>directora regional de Fundaci\u00f3n Integra, Tatiana Az\u00f3car<\/strong>, destac\u00f3 el trabajo colaborativo que permiti\u00f3 concretar este proyecto.<\/p>\n\n\n\n<blockquote class=\"wp-block-quote is-layout-flow wp-block-quote-is-layout-flow\">\n<p>\u201cEstamos muy orgullosos de este trabajo que se inici\u00f3 junto al Departamento de Espacios F\u00edsicos Educativos, quienes desarrollaron el dise\u00f1o del proyecto. Hoy el equipo educativo es el encargado de acompa\u00f1ar a las 96 ni\u00f1as y ni\u00f1os que se benefician con esta reposici\u00f3n, lo que representa un gran impacto para la educaci\u00f3n en la primera infancia\u201d, expres\u00f3.<\/p>\n<\/blockquote>\n\n\n\n<p>Finalmente, la <strong>directora del jard\u00edn infantil, Sharon Lara<\/strong>, manifest\u00f3 su orgullo por ser parte de la iniciativa.<\/p>\n\n\n\n<blockquote class=\"wp-block-quote is-layout-flow wp-block-quote-is-layout-flow\">\n<p>\u201cEstoy muy orgullosa de poder ser parte de este hermoso proyecto que hoy beneficia a muchas ni\u00f1as y ni\u00f1os del sector de Panitao. Como equipo educativo estamos felices de trabajar en un espacio con altos est\u00e1ndares de calidad, especialmente dise\u00f1ado para brindar bienestar, aprendizaje y desarrollo integral en la educaci\u00f3n parvularia\u201d, afirm\u00f3.<\/p>\n<\/blockquote>\n\n\n\n<h3 class=\"wp-block-heading has-text-align-center\">Compromiso con la primera infancia<\/h3>\n\n\n\n<p>Con esta inauguraci\u00f3n, el Gobierno reafirma su compromiso con el fortalecimiento de la <strong>educaci\u00f3n parvularia en la Regi\u00f3n de Los Lagos<\/strong>, avanzando en mejores espacios, mayor cobertura y condiciones dignas tanto para ni\u00f1as y ni\u00f1os como para los equipos educativos.<\/p>\n\n\n\n<p>La reposici\u00f3n del jard\u00edn infantil <strong>\u201cSue\u00f1os de Beb\u00e9\u201d<\/strong> representa un paso concreto hacia la consolidaci\u00f3n de una educaci\u00f3n p\u00fablica de calidad desde la primera infancia, entendiendo que el desarrollo integral comienza en los primeros a\u00f1os de vida y es clave para el futuro de las comunidades.<\/p>\n\n\n\n<p><\/p>\n","protected":false},"excerpt":{"rendered":"<p>En las nuevas dependencias del jard\u00edn infantil \u201cSue\u00f1os de Beb\u00e9\u201d se realiz\u00f3 la ceremonia de apertura del a\u00f1o escolar 2026, actividad que reuni\u00f3 a la [&hellip;]<\/p>\n","protected":false},"author":1,"featured_media":4711,"comment_status":"closed","ping_status":"closed","sticky":false,"template":"","format":"standard","meta":{"_monsterinsights_skip_tracking":false,"_monsterinsights_sitenote_active":false,"_monsterinsights_sitenote_note":"","_monsterinsights_sitenote_category":0,"footnotes":""},"categories":[27,17,15],"tags":[],"class_list":["post-4709","post","type-post","status-publish","format-standard","has-post-thumbnail","hentry","category-educacion","category-puerto-montt","category-regional"],"_links":{"self":[{"href":"https:\/\/cooperativaredloslagos.cl\/wp-json\/wp\/v2\/posts\/4709","targetHints":{"allow":["GET"]}}],"collection":[{"href":"https:\/\/cooperativaredloslagos.cl\/wp-json\/wp\/v2\/posts"}],"about":[{"href":"https:\/\/cooperativaredloslagos.cl\/wp-json\/wp\/v2\/types\/post"}],"author":[{"embeddable":true,"href":"https:\/\/cooperativaredloslagos.cl\/wp-json\/wp\/v2\/users\/1"}],"replies":[{"embeddable":true,"href":"https:\/\/cooperativaredloslagos.cl\/wp-json\/wp\/v2\/comments?post=4709"}],"version-history":[{"count":2,"href":"https:\/\/cooperativaredloslagos.cl\/wp-json\/wp\/v2\/posts\/4709\/revisions"}],"predecessor-version":[{"id":4718,"href":"https:\/\/cooperativaredloslagos.cl\/wp-json\/wp\/v2\/posts\/4709\/revisions\/4718"}],"wp:featuredmedia":[{"embeddable":true,"href":"https:\/\/cooperativaredloslagos.cl\/wp-json\/wp\/v2\/media\/4711"}],"wp:attachment":[{"href":"https:\/\/cooperativaredloslagos.cl\/wp-json\/wp\/v2\/media?parent=4709"}],"wp:term":[{"taxonomy":"category","embeddable":true,"href":"https:\/\/cooperativaredloslagos.cl\/wp-json\/wp\/v2\/categories?post=4709"},{"taxonomy":"post_tag","embeddable":true,"href":"https:\/\/cooperativaredloslagos.cl\/wp-json\/wp\/v2\/tags?post=4709"}],"curies":[{"name":"wp","href":"https:\/\/api.w.org\/{rel}","templated":true}]}}