{"id":4712,"date":"2026-03-06T10:51:36","date_gmt":"2026-03-06T13:51:36","guid":{"rendered":"https:\/\/cooperativaredloslagos.cl\/?p=4712"},"modified":"2026-03-06T10:51:38","modified_gmt":"2026-03-06T13:51:38","slug":"denuncian-ante-contraloria-a-futura-subsecretaria-de-telecomunicaciones-por-posible-superposicion-de-asesorias","status":"publish","type":"post","link":"https:\/\/cooperativaredloslagos.cl\/2026\/03\/06\/denuncian-ante-contraloria-a-futura-subsecretaria-de-telecomunicaciones-por-posible-superposicion-de-asesorias\/","title":{"rendered":"Denuncian ante Contralor\u00eda a futura subsecretaria de Telecomunicaciones por posible superposici\u00f3n de asesor\u00edas"},"content":{"rendered":"\n<p>Una denuncia ante la <strong>Contralor\u00eda General de la Rep\u00fablica<\/strong> fue presentada recientemente contra la futura subsecretaria de Telecomunicaciones, <strong>Romina Garrido<\/strong>, en relaci\u00f3n con su desempe\u00f1o en cargos de asesor\u00eda en el sector p\u00fablico.<\/p>\n\n\n\n<p>Seg\u00fan inform\u00f3 <strong>Ciper<\/strong>, la acusaci\u00f3n fue ingresada el pasado <strong>24 de febrero<\/strong> y apunta a una eventual <strong>superposici\u00f3n de jornadas laborales<\/strong> mientras prestaba asesor\u00edas simult\u00e1neas en distintos organismos del Estado.<\/p>\n\n\n\n<p>De acuerdo con los antecedentes, Garrido se desempe\u00f1\u00f3 como <strong>asesora jur\u00eddica de la Subsecretar\u00eda de Salud P\u00fablica entre 2017 y diciembre de 2021<\/strong>, periodo en el que recibi\u00f3 una remuneraci\u00f3n mensual que comenz\u00f3 en <strong>$1,8 millones y lleg\u00f3 a cerca de $2 millones<\/strong>.<\/p>\n\n\n\n<p>En paralelo, entre <strong>mayo de 2018 y diciembre de 2022<\/strong>, realiz\u00f3 asesor\u00edas para la entonces ministra de Transportes, <strong>Gloria Hutt<\/strong>, por las que percib\u00eda <strong>entre $2 millones y $2,6 millones mensuales<\/strong>.<\/p>\n\n\n\n<p>A lo anterior se suma una asesor\u00eda realizada entre <strong>mayo y octubre de 2019 para la Subsecretar\u00eda de Telecomunicaciones<\/strong>, por la cual recib\u00eda <strong>$450 mil mensuales<\/strong>.<\/p>\n\n\n\n<p>La denuncia se\u00f1ala que en <strong>diciembre de 2019<\/strong>, periodo en que coincidieron varias de estas asesor\u00edas, Garrido habr\u00eda debido cumplir <strong>una jornada laboral equivalente a 17 horas diarias<\/strong>.<\/p>\n\n\n\n<h3 class=\"wp-block-heading has-text-align-center\">Eventual deuda con el fisco<\/h3>\n\n\n\n<p>La acusaci\u00f3n tambi\u00e9n menciona un oficio que indica que la futura autoridad tendr\u00eda <strong>una deuda con el fisco por licencias m\u00e9dicas no restituidas<\/strong>.<\/p>\n\n\n\n<p>En el documento, emitido por el entonces subsecretario de Transportes, <strong>Crist\u00f3bal Pineda<\/strong>, se se\u00f1ala que al momento de su renuncia voluntaria Garrido manten\u00eda <strong>10 d\u00edas h\u00e1biles de licencias m\u00e9dicas pendientes de restituci\u00f3n<\/strong>.<\/p>\n\n\n\n<p>El oficio indica que, en resguardo del patrimonio fiscal, correspond\u00eda <strong>constituirla como deudora fiscal por un monto de $871.458<\/strong>.<\/p>\n\n\n\n<p>El caso deber\u00e1 ser revisado por la Contralor\u00eda, organismo que evaluar\u00e1 los antecedentes presentados en la denuncia.<\/p>\n","protected":false},"excerpt":{"rendered":"<p>Una denuncia ante la Contralor\u00eda General de la Rep\u00fablica fue presentada recientemente contra la futura subsecretaria de Telecomunicaciones, Romina Garrido, en relaci\u00f3n con su desempe\u00f1o [&hellip;]<\/p>\n","protected":false},"author":1,"featured_media":4713,"comment_status":"closed","ping_status":"closed","sticky":false,"template":"","format":"standard","meta":{"_monsterinsights_skip_tracking":false,"_monsterinsights_sitenote_active":false,"_monsterinsights_sitenote_note":"","_monsterinsights_sitenote_category":0,"footnotes":""},"categories":[24,6],"tags":[],"class_list":["post-4712","post","type-post","status-publish","format-standard","has-post-thumbnail","hentry","category-nacional","category-politics"],"_links":{"self":[{"href":"https:\/\/cooperativaredloslagos.cl\/wp-json\/wp\/v2\/posts\/4712","targetHints":{"allow":["GET"]}}],"collection":[{"href":"https:\/\/cooperativaredloslagos.cl\/wp-json\/wp\/v2\/posts"}],"about":[{"href":"https:\/\/cooperativaredloslagos.cl\/wp-json\/wp\/v2\/types\/post"}],"author":[{"embeddable":true,"href":"https:\/\/cooperativaredloslagos.cl\/wp-json\/wp\/v2\/users\/1"}],"replies":[{"embeddable":true,"href":"https:\/\/cooperativaredloslagos.cl\/wp-json\/wp\/v2\/comments?post=4712"}],"version-history":[{"count":1,"href":"https:\/\/cooperativaredloslagos.cl\/wp-json\/wp\/v2\/posts\/4712\/revisions"}],"predecessor-version":[{"id":4714,"href":"https:\/\/cooperativaredloslagos.cl\/wp-json\/wp\/v2\/posts\/4712\/revisions\/4714"}],"wp:featuredmedia":[{"embeddable":true,"href":"https:\/\/cooperativaredloslagos.cl\/wp-json\/wp\/v2\/media\/4713"}],"wp:attachment":[{"href":"https:\/\/cooperativaredloslagos.cl\/wp-json\/wp\/v2\/media?parent=4712"}],"wp:term":[{"taxonomy":"category","embeddable":true,"href":"https:\/\/cooperativaredloslagos.cl\/wp-json\/wp\/v2\/categories?post=4712"},{"taxonomy":"post_tag","embeddable":true,"href":"https:\/\/cooperativaredloslagos.cl\/wp-json\/wp\/v2\/tags?post=4712"}],"curies":[{"name":"wp","href":"https:\/\/api.w.org\/{rel}","templated":true}]}}