{"id":4715,"date":"2026-03-06T11:47:15","date_gmt":"2026-03-06T14:47:15","guid":{"rendered":"https:\/\/cooperativaredloslagos.cl\/?p=4715"},"modified":"2026-03-06T11:47:17","modified_gmt":"2026-03-06T14:47:17","slug":"puerto-montt-despliega-diversas-actividades-para-conmemorar-el-mes-de-la-mujer","status":"publish","type":"post","link":"https:\/\/cooperativaredloslagos.cl\/2026\/03\/06\/puerto-montt-despliega-diversas-actividades-para-conmemorar-el-mes-de-la-mujer\/","title":{"rendered":"Puerto Montt despliega diversas actividades para conmemorar el Mes de la Mujer"},"content":{"rendered":"\n<p>Con motivo del D\u00eda Internacional de la Mujer, que se conmemora el 8 de marzo, el municipio elabor\u00f3 un programa que se desarrollar\u00e1 entre el 6 hasta y el 28 de este mes, bajo el lema \u201cMujeres que se Atreven\u201d.<\/p>\n\n\n\n<p>La Municipalidad de Puerto Montt desplegar\u00e1 una serie de actividades durante este mes para conmemorar el D\u00eda Internacional de la Mujer, con eventos gratuitos desde el 6 hasta el 28 de marzo. La jornada principal se desarrollar\u00e1 el lunes 9 de marzo y resaltar\u00e1 a embajadoras y mujeres destacadas de la comuna en diversas \u00e1reas.<\/p>\n\n\n\n<p>La coordinadora del Departamento de la Mujer y Equidad de G\u00e9nero, Evelyn Brintrup, resalt\u00f3 que frente a una conmemoraci\u00f3n tan relevante, \u201cel municipio quiere promover el bienestar integral de las mujeres de Puerto Montt, fortaleciendo el autocuidado f\u00edsico, emocional, social y econ\u00f3mico mediante actividades gratuitas, accesibles y descentralizadas en distintos puntos de la comuna\u201d.<\/p>\n\n\n\n<p>Bajo el lema \u201cMujeres que se Atreven\u201d, las jornadas ponen foco en tem\u00e1ticas sociales, econ\u00f3micas y relacionadas con la salud, como operativos para la toma de mamograf\u00edas y Papanicolau, talleres de salud mental y una Feria de Salud Integral que se realizar\u00e1 el s\u00e1bado 21 en el Parque Costanera.<\/p>\n\n\n\n<p class=\"has-text-align-center\"><strong>Embajadoras y mujeres destacadas<\/strong><\/p>\n\n\n\n<p>La actividad principal se realizar\u00e1 el lunes 9 desde las 15:00 horas en el Teatro Diego Rivera, con la ceremonia de Embajadoras y mujeres destacadas de Puerto Montt.<\/p>\n\n\n\n<p>\u201cLas embajadoras son mujeres que, por su trayectoria, liderazgo y compromiso territorial en el \u00e1rea de salud, deporte, emprendimiento, cultura y ciencia asumir\u00e1n un rol activo y continuo en el desarrollo de acciones durante el a\u00f1o 2026. Este reconocimiento busca fortalecer el liderazgo femenino y promover el bienestar, la participaci\u00f3n y el desarrollo integral de la comuna\u201d, explic\u00f3 Evelyn Brintrup.<\/p>\n\n\n\n<p>Respecto de las mujeres destacadas, resalt\u00f3 que corresponde a quienes \u201cdurante el a\u00f1o 2025 tuvieron un compromiso en la promoci\u00f3n de la equidad de g\u00e9nero, el bienestar y el desarrollo de la comuna en salud, deporte, emprendimiento, cultura y ciencia, a trav\u00e9s de su trayectoria y aporte sostenido\u201d.<\/p>\n\n\n\n<p>Entre las diversas instancias para conmemorar el Mes de la Mujer, destaca un taller de Electricidad Dom\u00e9stica B\u00e1sica, a realizarse en la sede de Inacap el mi\u00e9rcoles 18.<\/p>\n","protected":false},"excerpt":{"rendered":"<p>Con motivo del D\u00eda Internacional de la Mujer, que se conmemora el 8 de marzo, el municipio elabor\u00f3 un programa que se desarrollar\u00e1 entre el [&hellip;]<\/p>\n","protected":false},"author":1,"featured_media":4716,"comment_status":"closed","ping_status":"closed","sticky":false,"template":"","format":"standard","meta":{"_monsterinsights_skip_tracking":false,"_monsterinsights_sitenote_active":false,"_monsterinsights_sitenote_note":"","_monsterinsights_sitenote_category":0,"footnotes":""},"categories":[17,15],"tags":[],"class_list":["post-4715","post","type-post","status-publish","format-standard","has-post-thumbnail","hentry","category-puerto-montt","category-regional"],"_links":{"self":[{"href":"https:\/\/cooperativaredloslagos.cl\/wp-json\/wp\/v2\/posts\/4715","targetHints":{"allow":["GET"]}}],"collection":[{"href":"https:\/\/cooperativaredloslagos.cl\/wp-json\/wp\/v2\/posts"}],"about":[{"href":"https:\/\/cooperativaredloslagos.cl\/wp-json\/wp\/v2\/types\/post"}],"author":[{"embeddable":true,"href":"https:\/\/cooperativaredloslagos.cl\/wp-json\/wp\/v2\/users\/1"}],"replies":[{"embeddable":true,"href":"https:\/\/cooperativaredloslagos.cl\/wp-json\/wp\/v2\/comments?post=4715"}],"version-history":[{"count":1,"href":"https:\/\/cooperativaredloslagos.cl\/wp-json\/wp\/v2\/posts\/4715\/revisions"}],"predecessor-version":[{"id":4717,"href":"https:\/\/cooperativaredloslagos.cl\/wp-json\/wp\/v2\/posts\/4715\/revisions\/4717"}],"wp:featuredmedia":[{"embeddable":true,"href":"https:\/\/cooperativaredloslagos.cl\/wp-json\/wp\/v2\/media\/4716"}],"wp:attachment":[{"href":"https:\/\/cooperativaredloslagos.cl\/wp-json\/wp\/v2\/media?parent=4715"}],"wp:term":[{"taxonomy":"category","embeddable":true,"href":"https:\/\/cooperativaredloslagos.cl\/wp-json\/wp\/v2\/categories?post=4715"},{"taxonomy":"post_tag","embeddable":true,"href":"https:\/\/cooperativaredloslagos.cl\/wp-json\/wp\/v2\/tags?post=4715"}],"curies":[{"name":"wp","href":"https:\/\/api.w.org\/{rel}","templated":true}]}}