{"id":4719,"date":"2026-03-06T13:43:33","date_gmt":"2026-03-06T16:43:33","guid":{"rendered":"https:\/\/cooperativaredloslagos.cl\/?p=4719"},"modified":"2026-03-06T13:43:36","modified_gmt":"2026-03-06T16:43:36","slug":"alerce-cuenta-con-nueva-biblioteca-publica-luego-de-mas-de-una-decada-de-espera","status":"publish","type":"post","link":"https:\/\/cooperativaredloslagos.cl\/2026\/03\/06\/alerce-cuenta-con-nueva-biblioteca-publica-luego-de-mas-de-una-decada-de-espera\/","title":{"rendered":"Alerce cuenta con nueva Biblioteca P\u00fablica luego de m\u00e1s de una d\u00e9cada de espera"},"content":{"rendered":"\n<p>Las nuevas instalaciones fueron inauguradas el jueves, luego de un trabajo conjunto entre la Municipalidad de Puerto Montt y la Seremi de las Culturas las Artes y el Patrimonio.<\/p>\n\n\n\n<p>Gracias a un trabajo conjunto entre la Municipalidad de Puerto Montt y la Seremi de las Culturas las Artes y el Patrimonio, Alerce cuenta con una nueva Biblioteca P\u00fablica a disposici\u00f3n de la comunidad, luego de m\u00e1s de 13 a\u00f1os de espera luego de su cierre en 2013.<\/p>\n\n\n\n<p>Para concretar este anhelo de los habitantes del sector, el municipio recuper\u00f3 un inmueble que estaba abandonado lo puso a disposici\u00f3n de la Seremi de las Culturas, mediante un convenio que adem\u00e1s incluy\u00f3 el aporte del sector privado.<\/p>\n\n\n\n<p>El alcalde Rodrigo Wainraihgt Galilea destac\u00f3 que la habilitaci\u00f3n de la biblioteca responde a \u201cun trabajo donde le pusimos harto cari\u00f1o para llegar a esto, dentro de un marco que le hemos llamado la cu\u00e1druple h\u00e9lice que vincula al mundo p\u00fablico, hoy reflejado con la Municipalidad, con la Seremi, con la Direcci\u00f3n de Patrimonio; y vincula al mundo privado con Sodimac, que nos ayud\u00f3 tambi\u00e9n; la academia, hoy en d\u00eda trabajando con la Universidad Santo Tom\u00e1s y con Forjadores de Alerce, que forma parte de nuestros establecimientos municipales. Y por \u00faltimo la sociedad civil, que son todos los vecinos y vecinas y j\u00f3venes de Alerce que van a disfrutar\u201d.<\/p>\n\n\n\n<p>\u201cNos pone muy contentos, porque el desaf\u00edo mayor cuando uno es autoridad es pasar de las buenas ideas, de las buenas intenciones a las acciones. Y esta es un ejemplo de eso\u201d, resalt\u00f3.<\/p>\n\n\n\n<p>En tanto, la seremi Ana Mar\u00eda Santos, destac\u00f3 que se trata de \u201cun lugar p\u00fablico, gratuito y seguro para toda la comunidad. Los invitamos a que lo hagan suyo, para estudiar, leer, capacitar, a los ni\u00f1os, a las mam\u00e1s para encontrarse con la comunidad\u201d.<\/p>\n\n\n\n<p>En la ceremonia se destac\u00f3 que las bibliotecas p\u00fablicas son esenciales para garantizar el acceso gratuito y equitativo a la informaci\u00f3n, la educaci\u00f3n y la cultura, fomentando la inclusi\u00f3n social y la alfabetizaci\u00f3n.<\/p>\n\n\n\n<p>El delegado territorial de Alerce, Cristian Pino, quien lider\u00f3 las conversaciones con el Servicio Nacional del Patrimonio, valor\u00f3 que se haya concretado un deseo de la comunidad y plante\u00f3 que \u201cahora la tarea es hacerla vivir, ocup\u00e1ndola, haciendo proyectos. Hoy partimos, pero tenemos un trabajo de mantenerla ocupada, llena, que sea un hito cultural\u201d.<\/p>\n\n\n\n<p>Asimismo, la directora de Patrimonio, Evelyn Almonacid, indic\u00f3 que \u201cla biblioteca es muy importante ya que va a estar abierta, tras muchos a\u00f1os, y vamos a estar pendientes para colaborar con actividades, proyectos y colecciones bibliogr\u00e1ficas\u201d.<\/p>\n\n\n\n<p>La nueva biblioteca, con m\u00e1s de 2.000 t\u00edtulos actualizados, permitir\u00e1 el acceso a libros, tecnolog\u00eda y m\u00e1s, transform\u00e1ndose en un punto de encuentro de la literatura, artes y patrimonio e identidad cultural beneficiando directamente la calidad de vida de los vecinos de Alerce.<\/p>\n","protected":false},"excerpt":{"rendered":"<p>Las nuevas instalaciones fueron inauguradas el jueves, luego de un trabajo conjunto entre la Municipalidad de Puerto Montt y la Seremi de las Culturas las [&hellip;]<\/p>\n","protected":false},"author":1,"featured_media":4720,"comment_status":"closed","ping_status":"closed","sticky":false,"template":"","format":"standard","meta":{"_monsterinsights_skip_tracking":false,"_monsterinsights_sitenote_active":false,"_monsterinsights_sitenote_note":"","_monsterinsights_sitenote_category":0,"footnotes":""},"categories":[17,15],"tags":[],"class_list":["post-4719","post","type-post","status-publish","format-standard","has-post-thumbnail","hentry","category-puerto-montt","category-regional"],"_links":{"self":[{"href":"https:\/\/cooperativaredloslagos.cl\/wp-json\/wp\/v2\/posts\/4719","targetHints":{"allow":["GET"]}}],"collection":[{"href":"https:\/\/cooperativaredloslagos.cl\/wp-json\/wp\/v2\/posts"}],"about":[{"href":"https:\/\/cooperativaredloslagos.cl\/wp-json\/wp\/v2\/types\/post"}],"author":[{"embeddable":true,"href":"https:\/\/cooperativaredloslagos.cl\/wp-json\/wp\/v2\/users\/1"}],"replies":[{"embeddable":true,"href":"https:\/\/cooperativaredloslagos.cl\/wp-json\/wp\/v2\/comments?post=4719"}],"version-history":[{"count":1,"href":"https:\/\/cooperativaredloslagos.cl\/wp-json\/wp\/v2\/posts\/4719\/revisions"}],"predecessor-version":[{"id":4721,"href":"https:\/\/cooperativaredloslagos.cl\/wp-json\/wp\/v2\/posts\/4719\/revisions\/4721"}],"wp:featuredmedia":[{"embeddable":true,"href":"https:\/\/cooperativaredloslagos.cl\/wp-json\/wp\/v2\/media\/4720"}],"wp:attachment":[{"href":"https:\/\/cooperativaredloslagos.cl\/wp-json\/wp\/v2\/media?parent=4719"}],"wp:term":[{"taxonomy":"category","embeddable":true,"href":"https:\/\/cooperativaredloslagos.cl\/wp-json\/wp\/v2\/categories?post=4719"},{"taxonomy":"post_tag","embeddable":true,"href":"https:\/\/cooperativaredloslagos.cl\/wp-json\/wp\/v2\/tags?post=4719"}],"curies":[{"name":"wp","href":"https:\/\/api.w.org\/{rel}","templated":true}]}}