{"id":4722,"date":"2026-03-06T13:49:04","date_gmt":"2026-03-06T16:49:04","guid":{"rendered":"https:\/\/cooperativaredloslagos.cl\/?p=4722"},"modified":"2026-03-06T13:49:06","modified_gmt":"2026-03-06T16:49:06","slug":"preocupacion-en-el-sur-por-ingreso-irregular-de-camiones-bitrenes-desde-argentina","status":"publish","type":"post","link":"https:\/\/cooperativaredloslagos.cl\/2026\/03\/06\/preocupacion-en-el-sur-por-ingreso-irregular-de-camiones-bitrenes-desde-argentina\/","title":{"rendered":"Preocupaci\u00f3n en el sur por ingreso irregular de camiones bitrenes desde Argentina"},"content":{"rendered":"\n<p>Transportistas del extremo sur del pa\u00eds denunciaron presuntas irregularidades en el tr\u00e1nsito de carga internacional a trav\u00e9s del paso fronterizo Cardenal Antonio Samor\u00e9, en la comuna de Puyehue, regi\u00f3n de Los Lagos. Seg\u00fan afirman, camiones argentinos del tipo \u201cbitren\u201d, cuya circulaci\u00f3n est\u00e1 prohibida en Chile, estar\u00edan ingresando al territorio nacional mediante maniobras que les permitir\u00edan sortear la normativa vigente.<\/p>\n\n\n\n<p>La situaci\u00f3n fue expuesta por la Uni\u00f3n de Transportistas Magallanes Asociaci\u00f3n Gremial. Su dirigente, Marcelo N\u00fa\u00f1ez, explic\u00f3 en declaraciones a Radio B\u00edo B\u00edo, que el conflicto se origin\u00f3 luego de que en Argentina se autorizara el uso de este tipo de veh\u00edculos de gran tama\u00f1o, los cuales no est\u00e1n permitidos en carreteras chilenas.<\/p>\n\n\n\n<p>De acuerdo con lo se\u00f1alado por el gremio, algunos transportistas desacoplar\u00edan parte de la carga o modificar\u00edan la configuraci\u00f3n de los camiones antes de cruzar la frontera, lo que \u2014seg\u00fan sostienen\u2014 constituye una vulneraci\u00f3n a la legislaci\u00f3n nacional.<audio src=\"https:\/\/elconquistadorredloslagos.cl\/test\/wp-content\/uploads\/2026\/03\/CAMIONEROS.mp3\"><\/audio><\/p>\n\n\n\n<p>Adem\u00e1s, los transportistas chilenos acusan que esta situaci\u00f3n genera una competencia desleal, ya que ellos deben enfrentar controles constantes en las rutas, mientras aseguran que los veh\u00edculos extranjeros no siempre ser\u00edan sometidos a las mismas fiscalizaciones.<\/p>\n\n\n\n<p>Ante este escenario, el gremio solicit\u00f3 a las autoridades reforzar los controles y velar por el cumplimiento del tratado de tr\u00e1nsito terrestre firmado entre Chile y Argentina en 1974, que regula la circulaci\u00f3n internacional de carga entre ambos pa\u00edses.<\/p>\n","protected":false},"excerpt":{"rendered":"<p>Transportistas del extremo sur del pa\u00eds denunciaron presuntas irregularidades en el tr\u00e1nsito de carga internacional a trav\u00e9s del paso fronterizo Cardenal Antonio Samor\u00e9, en la [&hellip;]<\/p>\n","protected":false},"author":1,"featured_media":4723,"comment_status":"closed","ping_status":"closed","sticky":false,"template":"","format":"standard","meta":{"_monsterinsights_skip_tracking":false,"_monsterinsights_sitenote_active":false,"_monsterinsights_sitenote_note":"","_monsterinsights_sitenote_category":0,"footnotes":""},"categories":[24],"tags":[],"class_list":["post-4722","post","type-post","status-publish","format-standard","has-post-thumbnail","hentry","category-nacional"],"_links":{"self":[{"href":"https:\/\/cooperativaredloslagos.cl\/wp-json\/wp\/v2\/posts\/4722","targetHints":{"allow":["GET"]}}],"collection":[{"href":"https:\/\/cooperativaredloslagos.cl\/wp-json\/wp\/v2\/posts"}],"about":[{"href":"https:\/\/cooperativaredloslagos.cl\/wp-json\/wp\/v2\/types\/post"}],"author":[{"embeddable":true,"href":"https:\/\/cooperativaredloslagos.cl\/wp-json\/wp\/v2\/users\/1"}],"replies":[{"embeddable":true,"href":"https:\/\/cooperativaredloslagos.cl\/wp-json\/wp\/v2\/comments?post=4722"}],"version-history":[{"count":1,"href":"https:\/\/cooperativaredloslagos.cl\/wp-json\/wp\/v2\/posts\/4722\/revisions"}],"predecessor-version":[{"id":4724,"href":"https:\/\/cooperativaredloslagos.cl\/wp-json\/wp\/v2\/posts\/4722\/revisions\/4724"}],"wp:featuredmedia":[{"embeddable":true,"href":"https:\/\/cooperativaredloslagos.cl\/wp-json\/wp\/v2\/media\/4723"}],"wp:attachment":[{"href":"https:\/\/cooperativaredloslagos.cl\/wp-json\/wp\/v2\/media?parent=4722"}],"wp:term":[{"taxonomy":"category","embeddable":true,"href":"https:\/\/cooperativaredloslagos.cl\/wp-json\/wp\/v2\/categories?post=4722"},{"taxonomy":"post_tag","embeddable":true,"href":"https:\/\/cooperativaredloslagos.cl\/wp-json\/wp\/v2\/tags?post=4722"}],"curies":[{"name":"wp","href":"https:\/\/api.w.org\/{rel}","templated":true}]}}