{"id":4725,"date":"2026-03-06T13:54:50","date_gmt":"2026-03-06T16:54:50","guid":{"rendered":"https:\/\/cooperativaredloslagos.cl\/?p=4725"},"modified":"2026-03-06T13:54:52","modified_gmt":"2026-03-06T16:54:52","slug":"autoridades-cierran-paso-fronterizo-cardenal-samore-tras-accidente-de-camion-con-gas","status":"publish","type":"post","link":"https:\/\/cooperativaredloslagos.cl\/2026\/03\/06\/autoridades-cierran-paso-fronterizo-cardenal-samore-tras-accidente-de-camion-con-gas\/","title":{"rendered":"Autoridades cierran paso fronterizo Cardenal Samor\u00e9 tras accidente de cami\u00f3n con gas"},"content":{"rendered":"\n<p>Un amplio operativo de emergencia se despleg\u00f3 la ma\u00f1ana de este viernes en la Ruta Internacional CH-215, en la provincia de Osorno, luego de que un cami\u00f3n que transportaba gas licuado de propano sufriera un accidente en el sector Anticura.<\/p>\n\n\n\n<p>El hecho ocurri\u00f3 a la altura del kil\u00f3metro 91,5, donde el veh\u00edculo de carga, que trasladaba m\u00e1s de 21 mil kilos de gas a granel, termin\u00f3 volcado fuera de la v\u00eda, en la franja fiscal contigua a la calzada. Pese a la magnitud del incidente, el conductor logr\u00f3 salir por sus propios medios y solo present\u00f3 lesiones leves.<\/p>\n\n\n\n<p>Tras una evaluaci\u00f3n t\u00e9cnica realizada por especialistas, se descart\u00f3 la presencia de fugas de gas o derrames de combustible. No obstante, la remoci\u00f3n del cami\u00f3n requiere una operaci\u00f3n compleja debido a la naturaleza de la carga.<\/p>\n\n\n\n<p>El procedimiento contempla retirar cerca del 50% del gas y transferirlo a otro veh\u00edculo para disminuir el peso del estanque. Posteriormente, dos gr\u00faas pluma ser\u00e1n utilizadas para levantar y retirar el cami\u00f3n siniestrado, maniobra que implica un trabajo delicado con maquinaria pesada.<\/p>\n\n\n\n<p>Debido a estas labores y al riesgo asociado a materiales peligrosos, las autoridades determinaron suspender completamente el tr\u00e1nsito en la ruta durante el desarrollo de las faenas.<\/p>\n\n\n\n<p>La coordinaci\u00f3n del operativo fue liderada por SENAPRED y la Delegaci\u00f3n Provincial de Osorno, junto a Carabineros y equipos especializados. Como medida preventiva, tambi\u00e9n se resolvi\u00f3 cerrar durante toda la jornada de este viernes el Complejo Fronterizo Cardenal Antonio Samor\u00e9, permitiendo \u00fanicamente el paso de veh\u00edculos que ya se encontraban en la zona de control entre Chile y Argentina en horario acotado.<\/p>\n","protected":false},"excerpt":{"rendered":"<p>Un amplio operativo de emergencia se despleg\u00f3 la ma\u00f1ana de este viernes en la Ruta Internacional CH-215, en la provincia de Osorno, luego de que [&hellip;]<\/p>\n","protected":false},"author":1,"featured_media":4726,"comment_status":"closed","ping_status":"closed","sticky":false,"template":"","format":"standard","meta":{"_monsterinsights_skip_tracking":false,"_monsterinsights_sitenote_active":false,"_monsterinsights_sitenote_note":"","_monsterinsights_sitenote_category":0,"footnotes":""},"categories":[22,15],"tags":[],"class_list":["post-4725","post","type-post","status-publish","format-standard","has-post-thumbnail","hentry","category-osorno","category-regional"],"_links":{"self":[{"href":"https:\/\/cooperativaredloslagos.cl\/wp-json\/wp\/v2\/posts\/4725","targetHints":{"allow":["GET"]}}],"collection":[{"href":"https:\/\/cooperativaredloslagos.cl\/wp-json\/wp\/v2\/posts"}],"about":[{"href":"https:\/\/cooperativaredloslagos.cl\/wp-json\/wp\/v2\/types\/post"}],"author":[{"embeddable":true,"href":"https:\/\/cooperativaredloslagos.cl\/wp-json\/wp\/v2\/users\/1"}],"replies":[{"embeddable":true,"href":"https:\/\/cooperativaredloslagos.cl\/wp-json\/wp\/v2\/comments?post=4725"}],"version-history":[{"count":1,"href":"https:\/\/cooperativaredloslagos.cl\/wp-json\/wp\/v2\/posts\/4725\/revisions"}],"predecessor-version":[{"id":4727,"href":"https:\/\/cooperativaredloslagos.cl\/wp-json\/wp\/v2\/posts\/4725\/revisions\/4727"}],"wp:featuredmedia":[{"embeddable":true,"href":"https:\/\/cooperativaredloslagos.cl\/wp-json\/wp\/v2\/media\/4726"}],"wp:attachment":[{"href":"https:\/\/cooperativaredloslagos.cl\/wp-json\/wp\/v2\/media?parent=4725"}],"wp:term":[{"taxonomy":"category","embeddable":true,"href":"https:\/\/cooperativaredloslagos.cl\/wp-json\/wp\/v2\/categories?post=4725"},{"taxonomy":"post_tag","embeddable":true,"href":"https:\/\/cooperativaredloslagos.cl\/wp-json\/wp\/v2\/tags?post=4725"}],"curies":[{"name":"wp","href":"https:\/\/api.w.org\/{rel}","templated":true}]}}