{"id":4729,"date":"2026-03-09T11:36:58","date_gmt":"2026-03-09T14:36:58","guid":{"rendered":"https:\/\/cooperativaredloslagos.cl\/?p=4729"},"modified":"2026-03-09T11:37:00","modified_gmt":"2026-03-09T14:37:00","slug":"encuesta-cadem-mayoria-rechaza-proyecto-que-busca-conmutar-penas-a-ciertos-condenados","status":"publish","type":"post","link":"https:\/\/cooperativaredloslagos.cl\/2026\/03\/09\/encuesta-cadem-mayoria-rechaza-proyecto-que-busca-conmutar-penas-a-ciertos-condenados\/","title":{"rendered":"Encuesta Cadem: mayor\u00eda rechaza proyecto que busca conmutar penas a ciertos condenados"},"content":{"rendered":"\n<p>La m\u00e1s reciente <strong>encuesta Cadem<\/strong> abord\u00f3 uno de los proyectos que ha generado debate en el Congreso durante los \u00faltimos d\u00edas: la iniciativa que propone <strong>conmutar penas de c\u00e1rcel para algunos condenados que cumplan determinados requisitos<\/strong>.<\/p>\n\n\n\n<p>El proyecto, impulsado por parlamentarios de oposici\u00f3n, busca permitir que personas privadas de libertad <strong>puedan cumplir el resto de sus condenas bajo la modalidad de prisi\u00f3n domiciliaria<\/strong>, principalmente en casos asociados a condiciones de salud graves.<\/p>\n\n\n\n<p>Entre los beneficiarios que contempla la propuesta se encuentran <strong>personas diagnosticadas con enfermedades terminales o cr\u00f3nicas<\/strong>, as\u00ed como adultos mayores que cumplan ciertos criterios.<\/p>\n\n\n\n<h3 class=\"wp-block-heading has-text-align-center\">Resultados del sondeo<\/h3>\n\n\n\n<p>De acuerdo con el estudio de opini\u00f3n p\u00fablica, <strong>un 37% de los encuestados se manifest\u00f3 a favor de conmutar penas para personas mayores con enfermedades graves o terminales<\/strong>, mientras que <strong>un 56% expres\u00f3 su rechazo<\/strong> a esta medida.<\/p>\n\n\n\n<p>En el caso de la conmutaci\u00f3n de penas para <strong>hombres mayores de 70 a\u00f1os y mujeres mayores de 65<\/strong>, el rechazo aumenta significativamente: <strong>un 76% se opone<\/strong>, frente a <strong>un 17% que la respalda<\/strong>.<\/p>\n\n\n\n<p>Asimismo, <strong>un 77% de los encuestados rechaz\u00f3 aplicar esta medida a condenados por violaciones a los derechos humanos<\/strong>, mientras que <strong>solo un 16% la aprueba<\/strong>.<\/p>\n\n\n\n<p>El rechazo es a\u00fan mayor cuando se trata de delitos graves. Seg\u00fan el sondeo, <strong>un 92% de las personas consultadas se manifest\u00f3 en contra de conmutar penas para asesinos y violadores<\/strong>, mientras que <strong>apenas un 3% se mostr\u00f3 a favor<\/strong>.<\/p>\n\n\n\n<p><\/p>\n","protected":false},"excerpt":{"rendered":"<p>La m\u00e1s reciente encuesta Cadem abord\u00f3 uno de los proyectos que ha generado debate en el Congreso durante los \u00faltimos d\u00edas: la iniciativa que propone [&hellip;]<\/p>\n","protected":false},"author":1,"featured_media":4730,"comment_status":"closed","ping_status":"closed","sticky":false,"template":"","format":"standard","meta":{"_monsterinsights_skip_tracking":false,"_monsterinsights_sitenote_active":false,"_monsterinsights_sitenote_note":"","_monsterinsights_sitenote_category":0,"footnotes":""},"categories":[24],"tags":[],"class_list":["post-4729","post","type-post","status-publish","format-standard","has-post-thumbnail","hentry","category-nacional"],"_links":{"self":[{"href":"https:\/\/cooperativaredloslagos.cl\/wp-json\/wp\/v2\/posts\/4729","targetHints":{"allow":["GET"]}}],"collection":[{"href":"https:\/\/cooperativaredloslagos.cl\/wp-json\/wp\/v2\/posts"}],"about":[{"href":"https:\/\/cooperativaredloslagos.cl\/wp-json\/wp\/v2\/types\/post"}],"author":[{"embeddable":true,"href":"https:\/\/cooperativaredloslagos.cl\/wp-json\/wp\/v2\/users\/1"}],"replies":[{"embeddable":true,"href":"https:\/\/cooperativaredloslagos.cl\/wp-json\/wp\/v2\/comments?post=4729"}],"version-history":[{"count":1,"href":"https:\/\/cooperativaredloslagos.cl\/wp-json\/wp\/v2\/posts\/4729\/revisions"}],"predecessor-version":[{"id":4731,"href":"https:\/\/cooperativaredloslagos.cl\/wp-json\/wp\/v2\/posts\/4729\/revisions\/4731"}],"wp:featuredmedia":[{"embeddable":true,"href":"https:\/\/cooperativaredloslagos.cl\/wp-json\/wp\/v2\/media\/4730"}],"wp:attachment":[{"href":"https:\/\/cooperativaredloslagos.cl\/wp-json\/wp\/v2\/media?parent=4729"}],"wp:term":[{"taxonomy":"category","embeddable":true,"href":"https:\/\/cooperativaredloslagos.cl\/wp-json\/wp\/v2\/categories?post=4729"},{"taxonomy":"post_tag","embeddable":true,"href":"https:\/\/cooperativaredloslagos.cl\/wp-json\/wp\/v2\/tags?post=4729"}],"curies":[{"name":"wp","href":"https:\/\/api.w.org\/{rel}","templated":true}]}}