{"id":4732,"date":"2026-03-09T11:43:09","date_gmt":"2026-03-09T14:43:09","guid":{"rendered":"https:\/\/cooperativaredloslagos.cl\/?p=4732"},"modified":"2026-03-09T11:43:11","modified_gmt":"2026-03-09T14:43:11","slug":"investigan-muerte-de-lactante-de-dos-meses-en-el-hospital-de-puerto-montt","status":"publish","type":"post","link":"https:\/\/cooperativaredloslagos.cl\/2026\/03\/09\/investigan-muerte-de-lactante-de-dos-meses-en-el-hospital-de-puerto-montt\/","title":{"rendered":"Investigan muerte de lactante de dos meses en el Hospital de Puerto Montt"},"content":{"rendered":"\n<p>Por instrucci\u00f3n del Ministerio P\u00fablico, personal del <strong>Laboratorio de Criminal\u00edstica de Carabineros (Labocar)<\/strong> y de la <strong>secci\u00f3n OS-9<\/strong> realiza diversas diligencias para esclarecer las circunstancias en que un <strong>lactante de dos meses falleci\u00f3 en la UCI Pedi\u00e1trica del Hospital de Puerto Montt<\/strong>.<\/p>\n\n\n\n<p>Seg\u00fan los antecedentes preliminares, la madre del menor relat\u00f3 que el beb\u00e9 se encontraba durmiendo junto a ella cuando advirti\u00f3 que <strong>no respond\u00eda a est\u00edmulos y presentaba sangrado nasal<\/strong>. Ante esta situaci\u00f3n, decidi\u00f3 trasladarlo por sus propios medios hasta el <strong>Servicio de Alta Resolutividad (SAR) de Alerce<\/strong>, donde se iniciaron maniobras de reanimaci\u00f3n.<\/p>\n\n\n\n<p>Posteriormente, el menor fue trasladado en una <strong>ambulancia del SAMU<\/strong> hasta el <strong>Hospital de Puerto Montt<\/strong>, ingresando con diagn\u00f3stico de <strong>paro cardiorrespiratorio<\/strong>.<\/p>\n\n\n\n<p>Debido a la gravedad de su estado, el lactante fue internado en la <strong>Unidad de Paciente Cr\u00edtico Pedi\u00e1trico<\/strong>, donde finalmente falleci\u00f3.<\/p>\n\n\n\n<p>Tras confirmarse el deceso, m\u00e9dicos del recinto asistencial dieron aviso a <strong>Carabineros que se encontraba de servicio en el hospital<\/strong>, activ\u00e1ndose el protocolo correspondiente.<\/p>\n\n\n\n<p>Por instrucci\u00f3n de la Fiscal\u00eda, se dispuso la realizaci\u00f3n de <strong>peritajes y ex\u00e1menes toxicol\u00f3gicos al cuerpo del menor<\/strong>, con el objetivo de determinar las causas exactas de su fallecimiento.<\/p>\n","protected":false},"excerpt":{"rendered":"<p>Por instrucci\u00f3n del Ministerio P\u00fablico, personal del Laboratorio de Criminal\u00edstica de Carabineros (Labocar) y de la secci\u00f3n OS-9 realiza diversas diligencias para esclarecer las circunstancias [&hellip;]<\/p>\n","protected":false},"author":1,"featured_media":4733,"comment_status":"closed","ping_status":"closed","sticky":false,"template":"","format":"standard","meta":{"_monsterinsights_skip_tracking":false,"_monsterinsights_sitenote_active":false,"_monsterinsights_sitenote_note":"","_monsterinsights_sitenote_category":0,"footnotes":""},"categories":[28,17],"tags":[],"class_list":["post-4732","post","type-post","status-publish","format-standard","has-post-thumbnail","hentry","category-policial","category-puerto-montt"],"_links":{"self":[{"href":"https:\/\/cooperativaredloslagos.cl\/wp-json\/wp\/v2\/posts\/4732","targetHints":{"allow":["GET"]}}],"collection":[{"href":"https:\/\/cooperativaredloslagos.cl\/wp-json\/wp\/v2\/posts"}],"about":[{"href":"https:\/\/cooperativaredloslagos.cl\/wp-json\/wp\/v2\/types\/post"}],"author":[{"embeddable":true,"href":"https:\/\/cooperativaredloslagos.cl\/wp-json\/wp\/v2\/users\/1"}],"replies":[{"embeddable":true,"href":"https:\/\/cooperativaredloslagos.cl\/wp-json\/wp\/v2\/comments?post=4732"}],"version-history":[{"count":1,"href":"https:\/\/cooperativaredloslagos.cl\/wp-json\/wp\/v2\/posts\/4732\/revisions"}],"predecessor-version":[{"id":4734,"href":"https:\/\/cooperativaredloslagos.cl\/wp-json\/wp\/v2\/posts\/4732\/revisions\/4734"}],"wp:featuredmedia":[{"embeddable":true,"href":"https:\/\/cooperativaredloslagos.cl\/wp-json\/wp\/v2\/media\/4733"}],"wp:attachment":[{"href":"https:\/\/cooperativaredloslagos.cl\/wp-json\/wp\/v2\/media?parent=4732"}],"wp:term":[{"taxonomy":"category","embeddable":true,"href":"https:\/\/cooperativaredloslagos.cl\/wp-json\/wp\/v2\/categories?post=4732"},{"taxonomy":"post_tag","embeddable":true,"href":"https:\/\/cooperativaredloslagos.cl\/wp-json\/wp\/v2\/tags?post=4732"}],"curies":[{"name":"wp","href":"https:\/\/api.w.org\/{rel}","templated":true}]}}