{"id":4737,"date":"2026-03-11T14:39:05","date_gmt":"2026-03-11T17:39:05","guid":{"rendered":"https:\/\/cooperativaredloslagos.cl\/?p=4737"},"modified":"2026-03-11T15:36:50","modified_gmt":"2026-03-11T18:36:50","slug":"detienen-a-presunto-implicado-en-baleo-a-carabinero-en-puerto-varas","status":"publish","type":"post","link":"https:\/\/cooperativaredloslagos.cl\/2026\/03\/11\/detienen-a-presunto-implicado-en-baleo-a-carabinero-en-puerto-varas\/","title":{"rendered":"Detienen a presunto implicado en baleo a carabinero en Puerto Varas"},"content":{"rendered":"\n<p>En horas de la tarde de este mi\u00e9rcoles, la Polic\u00eda de Investigaciones (PDI) detuvo a una persona en medio de las diligencias que se llevan a cabo luego que un carabinero fuera baleado en horas de esta ma\u00f1ana en Puerto Varas, regi\u00f3n de Los Lagos.<\/p>\n\n\n\n<p>Por el momento, no hay una versi\u00f3n oficial por parte de Carabineros y la PDI, por lo que se desconoce si se trata del autor material, un c\u00f3mplice, sujeto de inter\u00e9s o un detenido por otro delito, aunque el hombre fue escoltado por personal de Carabineros y de la PDI, para ser subido a un carro policial con el fin de ser interrogado por su presunta participaci\u00f3n el brutal ataque.<\/p>\n\n\n\n<p>La v\u00edctima, oriundo de Purranque, de acuerdo a la informaci\u00f3n emanada desde el propio municipio, est\u00e1 casada contra otra funcionaria de la instituci\u00f3n y es padre de un hijo.<\/p>\n\n\n\n<p>Recordemos, que el incidente se produjo a eso de las 06:00 horas de este mi\u00e9rcoles, cuando un vecino se contact\u00f3 con el 133 para dar cuenta de personas consumiendo alcohol en la v\u00eda p\u00fablica, en calle San Francisco.<\/p>\n\n\n\n<p>A partir de all\u00ed, una patrulla policial se hizo presente para realizar la fiscalizaci\u00f3n y segundos m\u00e1s tarde -por razones que se investigan- el sargento segundo, Javier Figueroa Manquemilla, result\u00f3 baleado en su cabeza.<\/p>\n\n\n\n<p>Lo anterior gener\u00f3 un operativo, que incluy\u00f3 el traslado de la v\u00edctima a un centro m\u00e9dico de Puerto Montt, en el que fue diagnosticado con muerte cerebral.<\/p>\n","protected":false},"excerpt":{"rendered":"<p>En horas de la tarde de este mi\u00e9rcoles, la Polic\u00eda de Investigaciones (PDI) detuvo a una persona en medio de las diligencias que se llevan [&hellip;]<\/p>\n","protected":false},"author":4,"featured_media":4738,"comment_status":"closed","ping_status":"closed","sticky":false,"template":"","format":"standard","meta":{"_monsterinsights_skip_tracking":false,"_monsterinsights_sitenote_active":false,"_monsterinsights_sitenote_note":"","_monsterinsights_sitenote_category":0,"footnotes":""},"categories":[28,30],"tags":[],"class_list":["post-4737","post","type-post","status-publish","format-standard","has-post-thumbnail","hentry","category-policial","category-puerto-varas"],"_links":{"self":[{"href":"https:\/\/cooperativaredloslagos.cl\/wp-json\/wp\/v2\/posts\/4737","targetHints":{"allow":["GET"]}}],"collection":[{"href":"https:\/\/cooperativaredloslagos.cl\/wp-json\/wp\/v2\/posts"}],"about":[{"href":"https:\/\/cooperativaredloslagos.cl\/wp-json\/wp\/v2\/types\/post"}],"author":[{"embeddable":true,"href":"https:\/\/cooperativaredloslagos.cl\/wp-json\/wp\/v2\/users\/4"}],"replies":[{"embeddable":true,"href":"https:\/\/cooperativaredloslagos.cl\/wp-json\/wp\/v2\/comments?post=4737"}],"version-history":[{"count":2,"href":"https:\/\/cooperativaredloslagos.cl\/wp-json\/wp\/v2\/posts\/4737\/revisions"}],"predecessor-version":[{"id":4741,"href":"https:\/\/cooperativaredloslagos.cl\/wp-json\/wp\/v2\/posts\/4737\/revisions\/4741"}],"wp:featuredmedia":[{"embeddable":true,"href":"https:\/\/cooperativaredloslagos.cl\/wp-json\/wp\/v2\/media\/4738"}],"wp:attachment":[{"href":"https:\/\/cooperativaredloslagos.cl\/wp-json\/wp\/v2\/media?parent=4737"}],"wp:term":[{"taxonomy":"category","embeddable":true,"href":"https:\/\/cooperativaredloslagos.cl\/wp-json\/wp\/v2\/categories?post=4737"},{"taxonomy":"post_tag","embeddable":true,"href":"https:\/\/cooperativaredloslagos.cl\/wp-json\/wp\/v2\/tags?post=4737"}],"curies":[{"name":"wp","href":"https:\/\/api.w.org\/{rel}","templated":true}]}}