{"id":4746,"date":"2026-03-11T15:49:51","date_gmt":"2026-03-11T18:49:51","guid":{"rendered":"https:\/\/cooperativaredloslagos.cl\/?p=4746"},"modified":"2026-03-11T15:49:52","modified_gmt":"2026-03-11T18:49:52","slug":"diputado-udi-daniel-lilayu-denuncio-irregularidades-en-concursos-del-servicio-de-salud-del-reloncavi","status":"publish","type":"post","link":"https:\/\/cooperativaredloslagos.cl\/2026\/03\/11\/diputado-udi-daniel-lilayu-denuncio-irregularidades-en-concursos-del-servicio-de-salud-del-reloncavi\/","title":{"rendered":"Diputado UDI Daniel Lilay\u00fa denunci\u00f3 irregularidades en concursos del Servicio de Salud del Reloncav\u00ed"},"content":{"rendered":"\n<p>El diputado UDI Daniel Lilay\u00fa denunci\u00f3 un presunto amarre administrativo en el Servicio de Salud Reloncav\u00ed, relacionado con el llamado a concurso para proveer 207 cargos vacantes al cierre del periodo gubernamental. <\/p>\n\n\n\n<p>El parlamentario cuestion\u00f3 la transparencia del proceso y solicit\u00f3 una investigaci\u00f3n exhaustiva sobre la regularizaci\u00f3n de los puestos en las provincias de Llanquihue y Palena.<\/p>\n\n\n\n<p>Lilay\u00fa afirm\u00f3 que el concurso podr\u00eda haber sido manipulado para beneficiar a ciertos grupos, lo que afectar\u00eda la equidad y la transparencia en la asignaci\u00f3n de los cargos. Adem\u00e1s, destac\u00f3 que la situaci\u00f3n pone en riesgo la calidad del servicio p\u00fablico de salud en una regi\u00f3n tan cr\u00edtica para el bienestar de la comunidad.<\/p>\n\n\n\n<p>El diputado inst\u00f3 a las autoridades correspondientes a revisar detenidamente los procedimientos y garantizar que el proceso de contrataci\u00f3n cumpla con todos los est\u00e1ndares de justicia y transparencia, en su rol fiscalizador.<\/p>\n","protected":false},"excerpt":{"rendered":"<p>El diputado UDI Daniel Lilay\u00fa denunci\u00f3 un presunto amarre administrativo en el Servicio de Salud Reloncav\u00ed, relacionado con el llamado a concurso para proveer 207 [&hellip;]<\/p>\n","protected":false},"author":4,"featured_media":4748,"comment_status":"closed","ping_status":"closed","sticky":false,"template":"","format":"standard","meta":{"_monsterinsights_skip_tracking":false,"_monsterinsights_sitenote_active":false,"_monsterinsights_sitenote_note":"","_monsterinsights_sitenote_category":0,"footnotes":""},"categories":[22,15],"tags":[],"class_list":["post-4746","post","type-post","status-publish","format-standard","has-post-thumbnail","hentry","category-osorno","category-regional"],"_links":{"self":[{"href":"https:\/\/cooperativaredloslagos.cl\/wp-json\/wp\/v2\/posts\/4746","targetHints":{"allow":["GET"]}}],"collection":[{"href":"https:\/\/cooperativaredloslagos.cl\/wp-json\/wp\/v2\/posts"}],"about":[{"href":"https:\/\/cooperativaredloslagos.cl\/wp-json\/wp\/v2\/types\/post"}],"author":[{"embeddable":true,"href":"https:\/\/cooperativaredloslagos.cl\/wp-json\/wp\/v2\/users\/4"}],"replies":[{"embeddable":true,"href":"https:\/\/cooperativaredloslagos.cl\/wp-json\/wp\/v2\/comments?post=4746"}],"version-history":[{"count":1,"href":"https:\/\/cooperativaredloslagos.cl\/wp-json\/wp\/v2\/posts\/4746\/revisions"}],"predecessor-version":[{"id":4749,"href":"https:\/\/cooperativaredloslagos.cl\/wp-json\/wp\/v2\/posts\/4746\/revisions\/4749"}],"wp:featuredmedia":[{"embeddable":true,"href":"https:\/\/cooperativaredloslagos.cl\/wp-json\/wp\/v2\/media\/4748"}],"wp:attachment":[{"href":"https:\/\/cooperativaredloslagos.cl\/wp-json\/wp\/v2\/media?parent=4746"}],"wp:term":[{"taxonomy":"category","embeddable":true,"href":"https:\/\/cooperativaredloslagos.cl\/wp-json\/wp\/v2\/categories?post=4746"},{"taxonomy":"post_tag","embeddable":true,"href":"https:\/\/cooperativaredloslagos.cl\/wp-json\/wp\/v2\/tags?post=4746"}],"curies":[{"name":"wp","href":"https:\/\/api.w.org\/{rel}","templated":true}]}}