{"id":4750,"date":"2026-03-11T16:38:35","date_gmt":"2026-03-11T19:38:35","guid":{"rendered":"https:\/\/cooperativaredloslagos.cl\/?p=4750"},"modified":"2026-03-11T16:38:36","modified_gmt":"2026-03-11T19:38:36","slug":"alcalde-de-frutillar-exigio-investigacion-a-la-seremi-de-salud-por-malos-olores-en-la-comuna","status":"publish","type":"post","link":"https:\/\/cooperativaredloslagos.cl\/2026\/03\/11\/alcalde-de-frutillar-exigio-investigacion-a-la-seremi-de-salud-por-malos-olores-en-la-comuna\/","title":{"rendered":"Alcalde de Frutillar exigi\u00f3 investigaci\u00f3n a la Seremi de Salud por malos olores en la comuna"},"content":{"rendered":"\n<p>El alcalde de Frutillar, Javier Arismendi, solicit\u00f3 a la Seremi de Salud realizar una investigaci\u00f3n a ra\u00edz de un fuerte mal olor que se registr\u00f3 desde tempranas horas de ayer martes en distintos sectores de la comuna, presumiblemente producto de un riego efectuado en un predio ubicado en el sector urbano.<\/p>\n\n\n\n<p>La autoridad comunal se traslad\u00f3 junto con personal de Fiscalizaci\u00f3n, Medioambiente y Seguridad P\u00fablica, hasta la poblaci\u00f3n Brisas del Sur, ubicada por avenida Nueva Nueve, lugar donde colinda un predio agr\u00edcola en el que aparentemente se habr\u00eda realizado un riego que gener\u00f3 esta fuerte emanaci\u00f3n.<\/p>\n\n\n\n<p>Al respecto, el alcalde se\u00f1al\u00f3 que \u201chemos recibido muchos reclamos de vecinos desde diferentes puntos de la comuna, por lo que salimos a verificar esta situaci\u00f3n. En una primera instancia, el mal olor ser\u00eda producto de fecas de pollo que habr\u00edan sido esparcidas en un predio agr\u00edcola. Nosotros ya nos comunicamos con la Seremi de Salud para que se pueda verificar el origen\u201d.<\/p>\n\n\n\n<p>La autoridad comunal agreg\u00f3 que, seg\u00fan la informaci\u00f3n recabada, para realizar alg\u00fan tipo de riego o aplicaci\u00f3n de este tipo de material en zonas urbanas se requiere autorizaci\u00f3n de las entidades correspondientes, por lo que se espera que, a trav\u00e9s de esta denuncia, se pueda establecer eventuales responsabilidades y aplicar posibles sanciones si as\u00ed lo determina la investigaci\u00f3n dado el riesgo sanitario al cual se arriesga la comunidad.<\/p>\n","protected":false},"excerpt":{"rendered":"<p>El alcalde de Frutillar, Javier Arismendi, solicit\u00f3 a la Seremi de Salud realizar una investigaci\u00f3n a ra\u00edz de un fuerte mal olor que se registr\u00f3 [&hellip;]<\/p>\n","protected":false},"author":4,"featured_media":4751,"comment_status":"closed","ping_status":"closed","sticky":false,"template":"","format":"standard","meta":{"_monsterinsights_skip_tracking":false,"_monsterinsights_sitenote_active":false,"_monsterinsights_sitenote_note":"","_monsterinsights_sitenote_category":0,"footnotes":""},"categories":[26,15],"tags":[],"class_list":["post-4750","post","type-post","status-publish","format-standard","has-post-thumbnail","hentry","category-frutillar","category-regional"],"_links":{"self":[{"href":"https:\/\/cooperativaredloslagos.cl\/wp-json\/wp\/v2\/posts\/4750","targetHints":{"allow":["GET"]}}],"collection":[{"href":"https:\/\/cooperativaredloslagos.cl\/wp-json\/wp\/v2\/posts"}],"about":[{"href":"https:\/\/cooperativaredloslagos.cl\/wp-json\/wp\/v2\/types\/post"}],"author":[{"embeddable":true,"href":"https:\/\/cooperativaredloslagos.cl\/wp-json\/wp\/v2\/users\/4"}],"replies":[{"embeddable":true,"href":"https:\/\/cooperativaredloslagos.cl\/wp-json\/wp\/v2\/comments?post=4750"}],"version-history":[{"count":1,"href":"https:\/\/cooperativaredloslagos.cl\/wp-json\/wp\/v2\/posts\/4750\/revisions"}],"predecessor-version":[{"id":4752,"href":"https:\/\/cooperativaredloslagos.cl\/wp-json\/wp\/v2\/posts\/4750\/revisions\/4752"}],"wp:featuredmedia":[{"embeddable":true,"href":"https:\/\/cooperativaredloslagos.cl\/wp-json\/wp\/v2\/media\/4751"}],"wp:attachment":[{"href":"https:\/\/cooperativaredloslagos.cl\/wp-json\/wp\/v2\/media?parent=4750"}],"wp:term":[{"taxonomy":"category","embeddable":true,"href":"https:\/\/cooperativaredloslagos.cl\/wp-json\/wp\/v2\/categories?post=4750"},{"taxonomy":"post_tag","embeddable":true,"href":"https:\/\/cooperativaredloslagos.cl\/wp-json\/wp\/v2\/tags?post=4750"}],"curies":[{"name":"wp","href":"https:\/\/api.w.org\/{rel}","templated":true}]}}