{"id":4753,"date":"2026-03-11T17:54:14","date_gmt":"2026-03-11T20:54:14","guid":{"rendered":"https:\/\/cooperativaredloslagos.cl\/?p=4753"},"modified":"2026-03-11T17:54:15","modified_gmt":"2026-03-11T20:54:15","slug":"descartan-participacion-de-hombre-que-fue-trasladado-a-cuartel-por-baleo-a-carabinero-en-puerto-varas","status":"publish","type":"post","link":"https:\/\/cooperativaredloslagos.cl\/2026\/03\/11\/descartan-participacion-de-hombre-que-fue-trasladado-a-cuartel-por-baleo-a-carabinero-en-puerto-varas\/","title":{"rendered":"Descartan participaci\u00f3n de hombre que fue trasladado a cuartel por baleo a carabinero en Puerto Varas"},"content":{"rendered":"\n<p>Impacto hab\u00eda generado la detenci\u00f3n de Felipe Mansilla, en su domicilio, un supuesto sujeto de inter\u00e9s, el que fue conducido hasta un cuartel policial, ampliamente custodiado por funcionarios de ambas polic\u00edas, tras el disparo que hiri\u00f3 de gravedad a un carabinero durante esta madrugada en Puerto Varas.<\/p>\n\n\n\n<p>En horas de esta tarde fue liberado por la Polic\u00eda de Investigaciones tras ser interrogado y sometido a varias pruebas de campo con las que se descartar\u00eda su participaci\u00f3n en el crimen.<\/p>\n\n\n\n<p>Aclar\u00f3 que no tiene nada que ver con el procedimiento y acus\u00f3 excesos de las polic\u00edas al sacarlo escoltado desde su domicilio y tratos vejatorios durante su interrogatorio. Relat\u00f3 que a a la hora del incidente el se encontraba durmiendo con su esposa y ni siquiera escuch\u00f3 disparos en la madrugada.<\/p>\n\n\n\n<p>\u00abTengo una rabia inmensa porque la apuntaron tambi\u00e9n como si nosotros fu\u00e9semos unos terroristas\u201d.<\/p>\n\n\n\n<p>\u201cMe dejaron la embarrada en la casa, en la pieza, me dieron vuelta todo, como si yo fuera un homicida, y yo no soy un homicida, ni siquiera he salido de mi casa estos d\u00edas\u201d, a\u00f1adi\u00f3 visiblemente afectado.<\/p>\n\n\n\n<p>Agreg\u00f3 que deber\u00eda existir m\u00e1s prolijidad por parte de las polic\u00edas a la hora de hacer las investigaciones y espera que pronto encuentren al culpable del hecho. <\/p>\n\n\n\n<p>Por otra parte, la comunidad de Puerto Varas realizar\u00e1 esta tarde una velat\u00f3n en apoyo al sargento primero Javier Figueroa Manquemilla, gravemente herido tras un ataque armado mientras realizaba labores de fiscalizaci\u00f3n preventiva este mi\u00e9rcoles 11 de marzo. <\/p>\n\n\n\n<p>La actividad se llevar\u00e1 a cabo a las 19:30 horas en el frontis de la Primera Comisar\u00eda de Puerto Varas, con el objetivo de acompa\u00f1ar en oraci\u00f3n y manifestar solidaridad con el funcionario, su familia y todos los miembros de Carabineros de Chile.<\/p>\n","protected":false},"excerpt":{"rendered":"<p>Impacto hab\u00eda generado la detenci\u00f3n de Felipe Mansilla, en su domicilio, un supuesto sujeto de inter\u00e9s, el que fue conducido hasta un cuartel policial, ampliamente [&hellip;]<\/p>\n","protected":false},"author":4,"featured_media":4754,"comment_status":"closed","ping_status":"closed","sticky":false,"template":"","format":"standard","meta":{"_monsterinsights_skip_tracking":false,"_monsterinsights_sitenote_active":false,"_monsterinsights_sitenote_note":"","_monsterinsights_sitenote_category":0,"footnotes":""},"categories":[28,15],"tags":[],"class_list":["post-4753","post","type-post","status-publish","format-standard","has-post-thumbnail","hentry","category-policial","category-regional"],"_links":{"self":[{"href":"https:\/\/cooperativaredloslagos.cl\/wp-json\/wp\/v2\/posts\/4753","targetHints":{"allow":["GET"]}}],"collection":[{"href":"https:\/\/cooperativaredloslagos.cl\/wp-json\/wp\/v2\/posts"}],"about":[{"href":"https:\/\/cooperativaredloslagos.cl\/wp-json\/wp\/v2\/types\/post"}],"author":[{"embeddable":true,"href":"https:\/\/cooperativaredloslagos.cl\/wp-json\/wp\/v2\/users\/4"}],"replies":[{"embeddable":true,"href":"https:\/\/cooperativaredloslagos.cl\/wp-json\/wp\/v2\/comments?post=4753"}],"version-history":[{"count":1,"href":"https:\/\/cooperativaredloslagos.cl\/wp-json\/wp\/v2\/posts\/4753\/revisions"}],"predecessor-version":[{"id":4755,"href":"https:\/\/cooperativaredloslagos.cl\/wp-json\/wp\/v2\/posts\/4753\/revisions\/4755"}],"wp:featuredmedia":[{"embeddable":true,"href":"https:\/\/cooperativaredloslagos.cl\/wp-json\/wp\/v2\/media\/4754"}],"wp:attachment":[{"href":"https:\/\/cooperativaredloslagos.cl\/wp-json\/wp\/v2\/media?parent=4753"}],"wp:term":[{"taxonomy":"category","embeddable":true,"href":"https:\/\/cooperativaredloslagos.cl\/wp-json\/wp\/v2\/categories?post=4753"},{"taxonomy":"post_tag","embeddable":true,"href":"https:\/\/cooperativaredloslagos.cl\/wp-json\/wp\/v2\/tags?post=4753"}],"curies":[{"name":"wp","href":"https:\/\/api.w.org\/{rel}","templated":true}]}}