{"id":4759,"date":"2026-03-12T08:21:46","date_gmt":"2026-03-12T11:21:46","guid":{"rendered":"https:\/\/cooperativaredloslagos.cl\/?p=4759"},"modified":"2026-03-12T08:21:47","modified_gmt":"2026-03-12T11:21:47","slug":"polemico-ex-constituyente-rodrigo-rojas-vade-en-riesgo-vital-tras-ser-encontrado-maniatado-en-la-ruta-78","status":"publish","type":"post","link":"https:\/\/cooperativaredloslagos.cl\/2026\/03\/12\/polemico-ex-constituyente-rodrigo-rojas-vade-en-riesgo-vital-tras-ser-encontrado-maniatado-en-la-ruta-78\/","title":{"rendered":"Pol\u00e9mico ex constituyente Rodrigo Rojas Vade en riesgo vital tras ser encontrado maniatado en la ruta 78"},"content":{"rendered":"\n<p>El exmiembro de la Convenci\u00f3n Constitucional, Rodrigo Rojas Vade, fue encontrado en riesgo vital y maniatado en la Ruta 78, comuna de Melipilla en circunstancias que se investigan.<\/p>\n\n\n\n<p>De acuerdo a lo informado, Rojas Vade tras salir de su domicilio anoche, fue hallado con contusiones, rociado con l\u00edquido acelerante y mensajes de connotaci\u00f3n pol\u00edtica, siendo trasladado de urgencia bajo coma inducido.<\/p>\n\n\n\n<p>El caso fue asumido por el Ministerio P\u00fablico, donde la fiscal Patricia Suazo del equipo de Crimen Organizado y Homicidios (ECOH), en conjunto con el subprefecto Hassel Barrientos, jefe de la BIPE Antisecuestros de la PDI, lideran las diligencias operativas en el sitio del suceso.<\/p>\n\n\n\n<p>Las autoridades investigan la intervenci\u00f3n de terceros bajo la figura de secuestro tras hallar a Rodrigo Rojas Vade tendido fuera de su veh\u00edculo Citro\u00ebn C3 con evidentes signos de violencia f\u00edsica y elementos de sujeci\u00f3n.<\/p>\n\n\n\n<p>Actualmente, el paciente permanece bajo soporte vital avanzado en el Hospital San Jos\u00e9 de Melipilla. <\/p>\n\n\n\n<p>En paralelo, el Laboratorio de Criminal\u00edstica (LACRIM) ejecuta peritajes qu\u00edmicos y planim\u00e9tricos en el kil\u00f3metro 59 de la carretera, al mismo tiempo que las polic\u00edas realizan la reconstrucci\u00f3n del trazado del veh\u00edculo mediante el an\u00e1lisis de p\u00f3rticos de peaje y c\u00e1maras de televigilancia en el eje Santiago-Melipilla para dar con el paradero de los responsables.<\/p>\n","protected":false},"excerpt":{"rendered":"<p>El exmiembro de la Convenci\u00f3n Constitucional, Rodrigo Rojas Vade, fue encontrado en riesgo vital y maniatado en la Ruta 78, comuna de Melipilla en circunstancias [&hellip;]<\/p>\n","protected":false},"author":4,"featured_media":4761,"comment_status":"closed","ping_status":"closed","sticky":false,"template":"","format":"standard","meta":{"_monsterinsights_skip_tracking":false,"_monsterinsights_sitenote_active":false,"_monsterinsights_sitenote_note":"","_monsterinsights_sitenote_category":0,"footnotes":""},"categories":[24,28],"tags":[],"class_list":["post-4759","post","type-post","status-publish","format-standard","has-post-thumbnail","hentry","category-nacional","category-policial"],"_links":{"self":[{"href":"https:\/\/cooperativaredloslagos.cl\/wp-json\/wp\/v2\/posts\/4759","targetHints":{"allow":["GET"]}}],"collection":[{"href":"https:\/\/cooperativaredloslagos.cl\/wp-json\/wp\/v2\/posts"}],"about":[{"href":"https:\/\/cooperativaredloslagos.cl\/wp-json\/wp\/v2\/types\/post"}],"author":[{"embeddable":true,"href":"https:\/\/cooperativaredloslagos.cl\/wp-json\/wp\/v2\/users\/4"}],"replies":[{"embeddable":true,"href":"https:\/\/cooperativaredloslagos.cl\/wp-json\/wp\/v2\/comments?post=4759"}],"version-history":[{"count":1,"href":"https:\/\/cooperativaredloslagos.cl\/wp-json\/wp\/v2\/posts\/4759\/revisions"}],"predecessor-version":[{"id":4762,"href":"https:\/\/cooperativaredloslagos.cl\/wp-json\/wp\/v2\/posts\/4759\/revisions\/4762"}],"wp:featuredmedia":[{"embeddable":true,"href":"https:\/\/cooperativaredloslagos.cl\/wp-json\/wp\/v2\/media\/4761"}],"wp:attachment":[{"href":"https:\/\/cooperativaredloslagos.cl\/wp-json\/wp\/v2\/media?parent=4759"}],"wp:term":[{"taxonomy":"category","embeddable":true,"href":"https:\/\/cooperativaredloslagos.cl\/wp-json\/wp\/v2\/categories?post=4759"},{"taxonomy":"post_tag","embeddable":true,"href":"https:\/\/cooperativaredloslagos.cl\/wp-json\/wp\/v2\/tags?post=4759"}],"curies":[{"name":"wp","href":"https:\/\/api.w.org\/{rel}","templated":true}]}}