{"id":4766,"date":"2026-03-12T16:31:01","date_gmt":"2026-03-12T19:31:01","guid":{"rendered":"https:\/\/cooperativaredloslagos.cl\/?p=4766"},"modified":"2026-03-12T16:31:03","modified_gmt":"2026-03-12T19:31:03","slug":"municipio-anuncio-querella-por-agresion-a-tres-asistentes-de-la-educacion-en-alerce","status":"publish","type":"post","link":"https:\/\/cooperativaredloslagos.cl\/2026\/03\/12\/municipio-anuncio-querella-por-agresion-a-tres-asistentes-de-la-educacion-en-alerce\/","title":{"rendered":"Municipio anunci\u00f3 querella por agresi\u00f3n a tres asistentes de la educaci\u00f3n en Alerce"},"content":{"rendered":"\n<p>La Municipalidad de Puerto Montt, a trav\u00e9s de su Unidad Penal, presentar\u00e1 una querella contra quienes resulten responsables por la agresi\u00f3n que sufrieron tres asistentes de la educaci\u00f3n del colegio Nueva Alerce, que los dej\u00f3 con lesiones de diversa consideraci\u00f3n.<\/p>\n\n\n\n<p>Los hechos ocurrieron la tarde del pasado martes 10 de marzo cuando los funcionarios trasladaban residuos hacia los contenedores y fueron abordados por desconocidos.<\/p>\n\n\n\n<p>El alcalde de Puerto Montt, Rodrigo Wainraihgt Galilea, conden\u00f3 la cobarde y brutal agresi\u00f3n, y enfatiz\u00f3 que los responsables ser\u00e1n buscados, identificados y puestos ante la Justicia.<\/p>\n\n\n\n<p>\u201cLamentamos lo ocurrido con nuestros asistentes de la educaci\u00f3n en el colegio Nueva Alerce, quienes fueron agredidos brutalmente. Estas cosas no las vamos a permitir, ya lo hemos dicho: actos de este tipo de delincuentes que atenten contra nuestra gente de la Municipalidad van a ser sancionados\u201d, expres\u00f3.<\/p>\n\n\n\n<p>El jefe comunal se\u00f1al\u00f3 que \u201clo primero que hicimos es ponernos en contacto con ellos, tambi\u00e9n con la Asociaci\u00f3n de Funcionarios y hacer las denuncias respectivas. Y oficiar tambi\u00e9n a nuestra Unidad Penal Municipal, liderada por Marcos Emilfork, para que presente una querella criminal contra quienes resulten responsables, para llegar a las \u00faltimas consecuencias\u201d.<\/p>\n\n\n\n<p>Ante lo ocurrido, el equipo directivo del establecimiento activ\u00f3 de inmediato sus protocolos de protecci\u00f3n y acompa\u00f1amiento dise\u00f1ados para este tipo de situaciones, coordinando asistencia m\u00e9dica para los afectados y notificando el incidente ante carabineros.<\/p>\n\n\n\n<p>Adem\u00e1s, integrantes del equipo de Convivencia Escolar del DAEM junto a la directiva de la Asociaci\u00f3n Gremial de Asistentes de la Educaci\u00f3n (Agrepa) se reunieron con el director del colegio, con el fin de generar acuerdos concretos de apoyo e intervenci\u00f3n frente a lo ocurrido.<\/p>\n\n\n\n<p>Junto con la querella, el DAEM coordin\u00f3 una intervenci\u00f3n de contenci\u00f3n y apoyo psicol\u00f3gico a cargo del Instituto de Seguridad del Trabajo (IST), dirigida principalmente a los asistentes de la educaci\u00f3n del establecimiento.<\/p>\n\n\n\n<p>Adem\u00e1s, se gestionar\u00e1 con los departamentos municipales la mejora de la iluminaci\u00f3n y la habilitaci\u00f3n de contenedores de residuos en las cercan\u00edas del establecimiento, para eliminar condiciones de riesgo en el entorno laboral.<\/p>\n","protected":false},"excerpt":{"rendered":"<p>La Municipalidad de Puerto Montt, a trav\u00e9s de su Unidad Penal, presentar\u00e1 una querella contra quienes resulten responsables por la agresi\u00f3n que sufrieron tres asistentes [&hellip;]<\/p>\n","protected":false},"author":4,"featured_media":4767,"comment_status":"closed","ping_status":"closed","sticky":false,"template":"","format":"standard","meta":{"_monsterinsights_skip_tracking":false,"_monsterinsights_sitenote_active":false,"_monsterinsights_sitenote_note":"","_monsterinsights_sitenote_category":0,"footnotes":""},"categories":[28,17],"tags":[],"class_list":["post-4766","post","type-post","status-publish","format-standard","has-post-thumbnail","hentry","category-policial","category-puerto-montt"],"_links":{"self":[{"href":"https:\/\/cooperativaredloslagos.cl\/wp-json\/wp\/v2\/posts\/4766","targetHints":{"allow":["GET"]}}],"collection":[{"href":"https:\/\/cooperativaredloslagos.cl\/wp-json\/wp\/v2\/posts"}],"about":[{"href":"https:\/\/cooperativaredloslagos.cl\/wp-json\/wp\/v2\/types\/post"}],"author":[{"embeddable":true,"href":"https:\/\/cooperativaredloslagos.cl\/wp-json\/wp\/v2\/users\/4"}],"replies":[{"embeddable":true,"href":"https:\/\/cooperativaredloslagos.cl\/wp-json\/wp\/v2\/comments?post=4766"}],"version-history":[{"count":1,"href":"https:\/\/cooperativaredloslagos.cl\/wp-json\/wp\/v2\/posts\/4766\/revisions"}],"predecessor-version":[{"id":4768,"href":"https:\/\/cooperativaredloslagos.cl\/wp-json\/wp\/v2\/posts\/4766\/revisions\/4768"}],"wp:featuredmedia":[{"embeddable":true,"href":"https:\/\/cooperativaredloslagos.cl\/wp-json\/wp\/v2\/media\/4767"}],"wp:attachment":[{"href":"https:\/\/cooperativaredloslagos.cl\/wp-json\/wp\/v2\/media?parent=4766"}],"wp:term":[{"taxonomy":"category","embeddable":true,"href":"https:\/\/cooperativaredloslagos.cl\/wp-json\/wp\/v2\/categories?post=4766"},{"taxonomy":"post_tag","embeddable":true,"href":"https:\/\/cooperativaredloslagos.cl\/wp-json\/wp\/v2\/tags?post=4766"}],"curies":[{"name":"wp","href":"https:\/\/api.w.org\/{rel}","templated":true}]}}