{"id":4772,"date":"2026-03-12T17:12:41","date_gmt":"2026-03-12T20:12:41","guid":{"rendered":"https:\/\/cooperativaredloslagos.cl\/?p=4772"},"modified":"2026-03-12T17:12:43","modified_gmt":"2026-03-12T20:12:43","slug":"concejo-municipal-puertomontino-aprobo-proyecto-para-recuperar-plaza-y-cancha-en-techo-para-todos","status":"publish","type":"post","link":"https:\/\/cooperativaredloslagos.cl\/2026\/03\/12\/concejo-municipal-puertomontino-aprobo-proyecto-para-recuperar-plaza-y-cancha-en-techo-para-todos\/","title":{"rendered":"Concejo municipal puertomontino aprob\u00f3 proyecto para recuperar plaza y cancha en Techo para Todos"},"content":{"rendered":"\n<p>Por unanimidad, el Concejo Municipal de Puerto Montt aprob\u00f3 el proyecto para la recuperaci\u00f3n de un espacio p\u00fablico, a trav\u00e9s de la construcci\u00f3n de una plaza y un espacio para el deporte entre las calles Galvarino Riveros y El Teniente, en el sector Techo para Todos.<\/p>\n\n\n\n<p>La obra implica una inversi\u00f3n de casi 180 millones de pesos con financiamiento del Fondo Regional de Iniciativa Local (FRIL), junto con un compromiso municipal para hacerse cargo de la operaci\u00f3n y mantenci\u00f3n, por un mill\u00f3n 140 mil pesos.<\/p>\n\n\n\n<p>El alcalde de Puerto Montt, Rodrigo Wainraihgt Galilea, valor\u00f3 el respaldo del Concejo a la iniciativa, resaltando que permite \u201cla recuperaci\u00f3n de espacios p\u00fablicos, lugares donde hoy est\u00e1 la delincuencia, donde hay incivilidades como la droga, como el alcohol\u201d.<\/p>\n\n\n\n<p>\u201cVamos a hacer una plaza de juegos, una cancha donde nuestros ni\u00f1os puedan jugar f\u00fatbol, hacer deporte. Eso justamente es recuperar nuestra ciudad, y el compromiso que tenemos tambi\u00e9n de hacer acciones concretas, no solamente en el centro de Puerto Montt, sino tambi\u00e9n en aquellos lugares m\u00e1s alejados\u201d, agreg\u00f3.<\/p>\n\n\n\n<p>El concejal Sebasti\u00e1n Almonacid, vecino del sector, destac\u00f3 que se trata de una gran noticia para \u201clos vecinos de la poblaci\u00f3n Techo para Todos, cercanos al Lago Todos los Santos, tambi\u00e9n en Bellavista, porque esto va a permitir recuperar una plaza que hoy d\u00eda se prestaba para incivilidades e inseguridad\u201d.<\/p>\n\n\n\n<p>El presidente de la comisi\u00f3n de Seguridad del Concejo destac\u00f3 que el proyecto incluye la instalaci\u00f3n de una c\u00e1mara que estar\u00e1 conectada con la Central de Televigilancia, y ello aportar\u00e1 para todo el sector.<\/p>\n\n\n\n<p>\u201cEl Teniente es una calle altamente transitada, donde en las noches se generan piques. Los vecinos se ven afectados y esto va a permitir recuperar la seguridad en esta poblaci\u00f3n, que hist\u00f3ricamente est\u00e1 habitada m\u00e1s por adultos mayores. As\u00ed que contento como vecino tambi\u00e9n del sector\u201d, indic\u00f3.<\/p>\n\n\n\n<p>El proyecto para la recuperaci\u00f3n del espacio p\u00fablico incluye \u00e1reas verdes, arbustos y \u00e1rboles para conformar la plaza, adem\u00e1s de esca\u00f1os y equipamiento con zonas de inclusi\u00f3n que fomentar\u00e1 la actividad f\u00edsica y recreativa. Tendr\u00e1 luminarias ornamentales tipo LED, para aumentar la seguridad en el sector, y considera incorporar una c\u00e1mara de televigilancia.<\/p>\n","protected":false},"excerpt":{"rendered":"<p>Por unanimidad, el Concejo Municipal de Puerto Montt aprob\u00f3 el proyecto para la recuperaci\u00f3n de un espacio p\u00fablico, a trav\u00e9s de la construcci\u00f3n de una [&hellip;]<\/p>\n","protected":false},"author":4,"featured_media":4773,"comment_status":"closed","ping_status":"closed","sticky":false,"template":"","format":"standard","meta":{"_monsterinsights_skip_tracking":false,"_monsterinsights_sitenote_active":false,"_monsterinsights_sitenote_note":"","_monsterinsights_sitenote_category":0,"footnotes":""},"categories":[17,4],"tags":[],"class_list":["post-4772","post","type-post","status-publish","format-standard","has-post-thumbnail","hentry","category-puerto-montt","category-lifestyle"],"_links":{"self":[{"href":"https:\/\/cooperativaredloslagos.cl\/wp-json\/wp\/v2\/posts\/4772","targetHints":{"allow":["GET"]}}],"collection":[{"href":"https:\/\/cooperativaredloslagos.cl\/wp-json\/wp\/v2\/posts"}],"about":[{"href":"https:\/\/cooperativaredloslagos.cl\/wp-json\/wp\/v2\/types\/post"}],"author":[{"embeddable":true,"href":"https:\/\/cooperativaredloslagos.cl\/wp-json\/wp\/v2\/users\/4"}],"replies":[{"embeddable":true,"href":"https:\/\/cooperativaredloslagos.cl\/wp-json\/wp\/v2\/comments?post=4772"}],"version-history":[{"count":1,"href":"https:\/\/cooperativaredloslagos.cl\/wp-json\/wp\/v2\/posts\/4772\/revisions"}],"predecessor-version":[{"id":4774,"href":"https:\/\/cooperativaredloslagos.cl\/wp-json\/wp\/v2\/posts\/4772\/revisions\/4774"}],"wp:featuredmedia":[{"embeddable":true,"href":"https:\/\/cooperativaredloslagos.cl\/wp-json\/wp\/v2\/media\/4773"}],"wp:attachment":[{"href":"https:\/\/cooperativaredloslagos.cl\/wp-json\/wp\/v2\/media?parent=4772"}],"wp:term":[{"taxonomy":"category","embeddable":true,"href":"https:\/\/cooperativaredloslagos.cl\/wp-json\/wp\/v2\/categories?post=4772"},{"taxonomy":"post_tag","embeddable":true,"href":"https:\/\/cooperativaredloslagos.cl\/wp-json\/wp\/v2\/tags?post=4772"}],"curies":[{"name":"wp","href":"https:\/\/api.w.org\/{rel}","templated":true}]}}