{"id":4778,"date":"2026-03-12T21:56:41","date_gmt":"2026-03-13T00:56:41","guid":{"rendered":"https:\/\/cooperativaredloslagos.cl\/?p=4778"},"modified":"2026-03-12T21:56:42","modified_gmt":"2026-03-13T00:56:42","slug":"en-las-proximas-horas-serian-ratificados-los-tres-delegados-provinciales-en-la-region-de-los-lagos","status":"publish","type":"post","link":"https:\/\/cooperativaredloslagos.cl\/2026\/03\/12\/en-las-proximas-horas-serian-ratificados-los-tres-delegados-provinciales-en-la-region-de-los-lagos\/","title":{"rendered":"En las pr\u00f3ximas horas ser\u00edan ratificados los tres delegados provinciales en la regi\u00f3n de Los Lagos"},"content":{"rendered":"\n<p>En las pr\u00f3ximas horas ser\u00edan designados los tres delegados regionales provinciales por el Presidente de la Rep\u00fablica, Jos\u00e9 Antonio Kast, en la regi\u00f3n de Los Lagos, los que se sumar\u00e1n a la gesti\u00f3n del delegado regional, Cristi\u00e1n Palma.<\/p>\n\n\n\n<p>Si bien ya se conoc\u00eda que el ex diputado por la UDI, del distrito 26, Fernando B\u00f3rquez, era la carta que corr\u00eda con mayor ventaja, B\u00f3rquez ser\u00eda ratificado por la Provincia de Chilo\u00e9. <\/p>\n\n\n\n<p>Al igual que no habr\u00eda sorpresa en la Provincia de Osorno, con el nombre del abogado republicano, Alejandro Rehbein.<\/p>\n\n\n\n<p>No obstante, la sorpresa recaer\u00eda en la Provincia de Palena, con el futuro nombramiento del periodista, que se desempe\u00f1aba en Radio El Conquistador de Osorno, Marcelo Cifuentes, por un cupo independiente pro RN, como delegado en dicha localidad extrema.<\/p>\n\n\n\n<p><strong>EN DESARROLLLO<\/strong><\/p>\n","protected":false},"excerpt":{"rendered":"<p>En las pr\u00f3ximas horas ser\u00edan designados los tres delegados regionales provinciales por el Presidente de la Rep\u00fablica, Jos\u00e9 Antonio Kast, en la regi\u00f3n de Los [&hellip;]<\/p>\n","protected":false},"author":4,"featured_media":4779,"comment_status":"closed","ping_status":"closed","sticky":false,"template":"","format":"standard","meta":{"_monsterinsights_skip_tracking":false,"_monsterinsights_sitenote_active":false,"_monsterinsights_sitenote_note":"","_monsterinsights_sitenote_category":0,"footnotes":""},"categories":[6,15],"tags":[],"class_list":["post-4778","post","type-post","status-publish","format-standard","has-post-thumbnail","hentry","category-politics","category-regional"],"_links":{"self":[{"href":"https:\/\/cooperativaredloslagos.cl\/wp-json\/wp\/v2\/posts\/4778","targetHints":{"allow":["GET"]}}],"collection":[{"href":"https:\/\/cooperativaredloslagos.cl\/wp-json\/wp\/v2\/posts"}],"about":[{"href":"https:\/\/cooperativaredloslagos.cl\/wp-json\/wp\/v2\/types\/post"}],"author":[{"embeddable":true,"href":"https:\/\/cooperativaredloslagos.cl\/wp-json\/wp\/v2\/users\/4"}],"replies":[{"embeddable":true,"href":"https:\/\/cooperativaredloslagos.cl\/wp-json\/wp\/v2\/comments?post=4778"}],"version-history":[{"count":1,"href":"https:\/\/cooperativaredloslagos.cl\/wp-json\/wp\/v2\/posts\/4778\/revisions"}],"predecessor-version":[{"id":4780,"href":"https:\/\/cooperativaredloslagos.cl\/wp-json\/wp\/v2\/posts\/4778\/revisions\/4780"}],"wp:featuredmedia":[{"embeddable":true,"href":"https:\/\/cooperativaredloslagos.cl\/wp-json\/wp\/v2\/media\/4779"}],"wp:attachment":[{"href":"https:\/\/cooperativaredloslagos.cl\/wp-json\/wp\/v2\/media?parent=4778"}],"wp:term":[{"taxonomy":"category","embeddable":true,"href":"https:\/\/cooperativaredloslagos.cl\/wp-json\/wp\/v2\/categories?post=4778"},{"taxonomy":"post_tag","embeddable":true,"href":"https:\/\/cooperativaredloslagos.cl\/wp-json\/wp\/v2\/tags?post=4778"}],"curies":[{"name":"wp","href":"https:\/\/api.w.org\/{rel}","templated":true}]}}