{"id":4787,"date":"2026-03-13T08:28:02","date_gmt":"2026-03-13T11:28:02","guid":{"rendered":"https:\/\/cooperativaredloslagos.cl\/?p=4787"},"modified":"2026-03-13T08:28:03","modified_gmt":"2026-03-13T11:28:03","slug":"cerraran-preventivamente-parque-nacional-vicente-perez-rosales-y-paso-fronterizo-peulla-por-evento-meteorologico","status":"publish","type":"post","link":"https:\/\/cooperativaredloslagos.cl\/2026\/03\/13\/cerraran-preventivamente-parque-nacional-vicente-perez-rosales-y-paso-fronterizo-peulla-por-evento-meteorologico\/","title":{"rendered":"Cerrar\u00e1n preventivamente Parque Nacional Vicente P\u00e9rez Rosales y paso fronterizo Peulla por evento meteorol\u00f3gico"},"content":{"rendered":"\n<p>Tras sesionar una mesa t\u00e9cnica regional y en el marco de la Alerta Temprana Preventiva vigente, la Delegaci\u00f3n Presidencial Regional de Los Lagos inform\u00f3 a la comunidad sobre la adopci\u00f3n de medidas preventivas ante el evento meteorol\u00f3gico pronosticado para estas jornadas.<\/p>\n\n\n\n<p>De acuerdo con antecedentes t\u00e9cnicos proporcionados por SERNAGEOMIN y la Direcci\u00f3n Meteorol\u00f3gica de Chile, se esperan precipitaciones entre 50 y 65 mil\u00edmetros, adem\u00e1s de una alta probabilidad de remoci\u00f3n en masa en distintos sectores de la regi\u00f3n.<\/p>\n\n\n\n<p>En este contexto, y por recomendaci\u00f3n del COGRID comunal de Puerto Varas, se autoriz\u00f3 el cierre preventivo del Complejo Fronterizo Peulla, desde las 17:00 horas del viernes 13 de marzo hasta las 12:00 horas del domingo 15 de marzo.<\/p>\n\n\n\n<p>En paralelo, el Municipio de Puerto Varas solicit\u00f3 a CONAF el cierre preventivo del Parque Nacional Vicente P\u00e9rez Rosales, medida que comenzar\u00e1 a regir desde las 08:00 horas del s\u00e1bado.<\/p>\n\n\n\n<p>Asimismo, se realizan coordinaciones con Vialidad y el Ej\u00e9rcito, con el objetivo de disponer acciones de despeje de rutas en caso de ser necesario, as\u00ed como eventuales evacuaciones si se produjeran cortes de camino que pudieran afectar a personas o sectores aislados.<\/p>\n\n\n\n<p>Estas medidas buscan prevenir situaciones de riesgo y resguardar la seguridad de vecinos, visitantes y usuarios, ante condiciones meteorol\u00f3gicas que podr\u00edan derivar en emergencias.<\/p>\n\n\n\n<p>La Delegaci\u00f3n Presidencial Regional continuar\u00e1 monitoreando la evoluci\u00f3n de la situaci\u00f3n en coordinaci\u00f3n con los organismos t\u00e9cnicos competentes, e informar\u00e1 oportunamente a la comunidad a trav\u00e9s de los canales oficiales.<\/p>\n","protected":false},"excerpt":{"rendered":"<p>Tras sesionar una mesa t\u00e9cnica regional y en el marco de la Alerta Temprana Preventiva vigente, la Delegaci\u00f3n Presidencial Regional de Los Lagos inform\u00f3 a [&hellip;]<\/p>\n","protected":false},"author":4,"featured_media":4788,"comment_status":"closed","ping_status":"closed","sticky":false,"template":"","format":"standard","meta":{"_monsterinsights_skip_tracking":false,"_monsterinsights_sitenote_active":false,"_monsterinsights_sitenote_note":"","_monsterinsights_sitenote_category":0,"footnotes":""},"categories":[30,35],"tags":[],"class_list":["post-4787","post","type-post","status-publish","format-standard","has-post-thumbnail","hentry","category-puerto-varas","category-turismo"],"_links":{"self":[{"href":"https:\/\/cooperativaredloslagos.cl\/wp-json\/wp\/v2\/posts\/4787","targetHints":{"allow":["GET"]}}],"collection":[{"href":"https:\/\/cooperativaredloslagos.cl\/wp-json\/wp\/v2\/posts"}],"about":[{"href":"https:\/\/cooperativaredloslagos.cl\/wp-json\/wp\/v2\/types\/post"}],"author":[{"embeddable":true,"href":"https:\/\/cooperativaredloslagos.cl\/wp-json\/wp\/v2\/users\/4"}],"replies":[{"embeddable":true,"href":"https:\/\/cooperativaredloslagos.cl\/wp-json\/wp\/v2\/comments?post=4787"}],"version-history":[{"count":1,"href":"https:\/\/cooperativaredloslagos.cl\/wp-json\/wp\/v2\/posts\/4787\/revisions"}],"predecessor-version":[{"id":4789,"href":"https:\/\/cooperativaredloslagos.cl\/wp-json\/wp\/v2\/posts\/4787\/revisions\/4789"}],"wp:featuredmedia":[{"embeddable":true,"href":"https:\/\/cooperativaredloslagos.cl\/wp-json\/wp\/v2\/media\/4788"}],"wp:attachment":[{"href":"https:\/\/cooperativaredloslagos.cl\/wp-json\/wp\/v2\/media?parent=4787"}],"wp:term":[{"taxonomy":"category","embeddable":true,"href":"https:\/\/cooperativaredloslagos.cl\/wp-json\/wp\/v2\/categories?post=4787"},{"taxonomy":"post_tag","embeddable":true,"href":"https:\/\/cooperativaredloslagos.cl\/wp-json\/wp\/v2\/tags?post=4787"}],"curies":[{"name":"wp","href":"https:\/\/api.w.org\/{rel}","templated":true}]}}