{"id":4790,"date":"2026-03-13T16:19:02","date_gmt":"2026-03-13T19:19:02","guid":{"rendered":"https:\/\/cooperativaredloslagos.cl\/?p=4790"},"modified":"2026-03-13T16:19:04","modified_gmt":"2026-03-13T19:19:04","slug":"diversas-complejidades-enfrenta-la-investigacion-por-ataque-a-carabinero-en-puerto-varas","status":"publish","type":"post","link":"https:\/\/cooperativaredloslagos.cl\/2026\/03\/13\/diversas-complejidades-enfrenta-la-investigacion-por-ataque-a-carabinero-en-puerto-varas\/","title":{"rendered":"Diversas complejidades enfrenta la investigaci\u00f3n por ataque a carabinero en Puerto Varas"},"content":{"rendered":"\n<p>La investigaci\u00f3n por el ataque a un carabinero en Puerto Varas enfrenta importantes dificultades debido a las caracter\u00edsticas del lugar donde ocurri\u00f3 el hecho. Los matorrales densos, las amplias zonas abiertas y la ausencia de c\u00e1maras de vigilancia que complican la recolecci\u00f3n de evidencia y el rastreo de los responsables.<\/p>\n\n\n\n<p>Destacar que los equipos de Carabineros y la PDI han centrado su b\u00fasqueda en el sector cercano a la l\u00ednea f\u00e9rrea, realizando trabajos de desmalezamiento y revisi\u00f3n del terreno para levantar posibles indicios que permitan reconstruir lo ocurrido  al igual que se implementaron exhaustivos controles vehiculares en los accesos a la ciudad lacustre.<\/p>\n\n\n\n<p>Adem\u00e1s, la investigaci\u00f3n apunta a identificar a la persona que realiz\u00f3 el primer llamado al 133 y analiza registros audiovisuales, incluyendo videos de vecinos y c\u00e1maras domiciliarias, en los que se escuchan estruendos compatibles con disparos. Estas diligencias buscan esclarecer los hechos y dar con los responsables del ataque, mientras que el sargento segundo lucha por su vida internado en el hospital de Puerto Montt.<\/p>\n\n\n\n<p>Por otra parte, vecinos del sector manifestaron su preocupaci\u00f3n por la seguridad del barrio y dirigieron sus cr\u00edticas al alcalde Tom\u00e1s Garate de Puerto Varas, en las que plantearon sus dudas sobre el funcionamiento de las c\u00e1maras de televigilancia junto con denunciar el abandono del sector.<\/p>\n","protected":false},"excerpt":{"rendered":"<p>La investigaci\u00f3n por el ataque a un carabinero en Puerto Varas enfrenta importantes dificultades debido a las caracter\u00edsticas del lugar donde ocurri\u00f3 el hecho. Los [&hellip;]<\/p>\n","protected":false},"author":4,"featured_media":4791,"comment_status":"closed","ping_status":"closed","sticky":false,"template":"","format":"standard","meta":{"_monsterinsights_skip_tracking":false,"_monsterinsights_sitenote_active":false,"_monsterinsights_sitenote_note":"","_monsterinsights_sitenote_category":0,"footnotes":""},"categories":[28,15],"tags":[],"class_list":["post-4790","post","type-post","status-publish","format-standard","has-post-thumbnail","hentry","category-policial","category-regional"],"_links":{"self":[{"href":"https:\/\/cooperativaredloslagos.cl\/wp-json\/wp\/v2\/posts\/4790","targetHints":{"allow":["GET"]}}],"collection":[{"href":"https:\/\/cooperativaredloslagos.cl\/wp-json\/wp\/v2\/posts"}],"about":[{"href":"https:\/\/cooperativaredloslagos.cl\/wp-json\/wp\/v2\/types\/post"}],"author":[{"embeddable":true,"href":"https:\/\/cooperativaredloslagos.cl\/wp-json\/wp\/v2\/users\/4"}],"replies":[{"embeddable":true,"href":"https:\/\/cooperativaredloslagos.cl\/wp-json\/wp\/v2\/comments?post=4790"}],"version-history":[{"count":1,"href":"https:\/\/cooperativaredloslagos.cl\/wp-json\/wp\/v2\/posts\/4790\/revisions"}],"predecessor-version":[{"id":4792,"href":"https:\/\/cooperativaredloslagos.cl\/wp-json\/wp\/v2\/posts\/4790\/revisions\/4792"}],"wp:featuredmedia":[{"embeddable":true,"href":"https:\/\/cooperativaredloslagos.cl\/wp-json\/wp\/v2\/media\/4791"}],"wp:attachment":[{"href":"https:\/\/cooperativaredloslagos.cl\/wp-json\/wp\/v2\/media?parent=4790"}],"wp:term":[{"taxonomy":"category","embeddable":true,"href":"https:\/\/cooperativaredloslagos.cl\/wp-json\/wp\/v2\/categories?post=4790"},{"taxonomy":"post_tag","embeddable":true,"href":"https:\/\/cooperativaredloslagos.cl\/wp-json\/wp\/v2\/tags?post=4790"}],"curies":[{"name":"wp","href":"https:\/\/api.w.org\/{rel}","templated":true}]}}