{"id":4793,"date":"2026-03-13T16:27:08","date_gmt":"2026-03-13T19:27:08","guid":{"rendered":"https:\/\/cooperativaredloslagos.cl\/?p=4793"},"modified":"2026-03-13T16:27:10","modified_gmt":"2026-03-13T19:27:10","slug":"evacuaron-a-cerca-de-500-personas-por-fuerte-olor-en-escuela-de-frutillar-bajo","status":"publish","type":"post","link":"https:\/\/cooperativaredloslagos.cl\/2026\/03\/13\/evacuaron-a-cerca-de-500-personas-por-fuerte-olor-en-escuela-de-frutillar-bajo\/","title":{"rendered":"Evacuaron a cerca de 500 personas por fuerte olor en escuela de Frutillar Bajo"},"content":{"rendered":"\n<p>Alrededor de 500 personas fueron evacuadas la ma\u00f1ana de este viernes desde la Escuela Bernardo Philippi, en el sector de Frutillar Bajo, debido a la presencia de fuertes olores de origen desconocido al interior del establecimiento.<\/p>\n\n\n\n<p>Seg\u00fan los primeros antecedentes, la evacuaci\u00f3n incluy\u00f3 a profesores, alumnos, personal administrativo y auxiliares, quienes fueron trasladados a un lugar seguro mientras se activaban los protocolos de emergencia.<\/p>\n\n\n\n<p>Hasta el recinto lleg\u00f3 personal de Bomberos, quienes iniciaron labores para identificar el origen del olor y descartar la presencia de alg\u00fan elemento que pudiera representar un riesgo para la comunidad escolar.<\/p>\n\n\n\n<p>El encargado de la Oficina de Emergencias y Seguridad P\u00fablica de la Municipalidad de Frutillar, \u00c1lvaro Almonacid, se\u00f1al\u00f3 que los estudiantes fueron trasladados a una zona segura mientras se desarrollan las labores de revisi\u00f3n.<\/p>\n\n\n\n<p>\u201cSe procedi\u00f3 a evacuar preventivamente a los alumnos hacia una zona de seguridad, mientras las distintas unidades de emergencia trabajan en el lugar para identificar el origen de estos olores\u201d, destac\u00f3.<\/p>\n\n\n\n<p>En tanto, funcionarios de la Municipalidad de Frutillar colaboraron en el resguardo del sector y apoyaron las acciones preventivas mientras se desarroll\u00f3 el procedimiento. Las autoridades se\u00f1alaron que la situaci\u00f3n se origin\u00f3 por descomposici\u00f3n org\u00e1nica y se realiz\u00f3 ventilaci\u00f3n hidr\u00e1ulica con los equipos de emergencia.<\/p>\n\n\n\n<p><\/p>\n","protected":false},"excerpt":{"rendered":"<p>Alrededor de 500 personas fueron evacuadas la ma\u00f1ana de este viernes desde la Escuela Bernardo Philippi, en el sector de Frutillar Bajo, debido a la [&hellip;]<\/p>\n","protected":false},"author":4,"featured_media":4794,"comment_status":"closed","ping_status":"closed","sticky":false,"template":"","format":"standard","meta":{"_monsterinsights_skip_tracking":false,"_monsterinsights_sitenote_active":false,"_monsterinsights_sitenote_note":"","_monsterinsights_sitenote_category":0,"footnotes":""},"categories":[26,4],"tags":[],"class_list":["post-4793","post","type-post","status-publish","format-standard","has-post-thumbnail","hentry","category-frutillar","category-lifestyle"],"_links":{"self":[{"href":"https:\/\/cooperativaredloslagos.cl\/wp-json\/wp\/v2\/posts\/4793","targetHints":{"allow":["GET"]}}],"collection":[{"href":"https:\/\/cooperativaredloslagos.cl\/wp-json\/wp\/v2\/posts"}],"about":[{"href":"https:\/\/cooperativaredloslagos.cl\/wp-json\/wp\/v2\/types\/post"}],"author":[{"embeddable":true,"href":"https:\/\/cooperativaredloslagos.cl\/wp-json\/wp\/v2\/users\/4"}],"replies":[{"embeddable":true,"href":"https:\/\/cooperativaredloslagos.cl\/wp-json\/wp\/v2\/comments?post=4793"}],"version-history":[{"count":1,"href":"https:\/\/cooperativaredloslagos.cl\/wp-json\/wp\/v2\/posts\/4793\/revisions"}],"predecessor-version":[{"id":4795,"href":"https:\/\/cooperativaredloslagos.cl\/wp-json\/wp\/v2\/posts\/4793\/revisions\/4795"}],"wp:featuredmedia":[{"embeddable":true,"href":"https:\/\/cooperativaredloslagos.cl\/wp-json\/wp\/v2\/media\/4794"}],"wp:attachment":[{"href":"https:\/\/cooperativaredloslagos.cl\/wp-json\/wp\/v2\/media?parent=4793"}],"wp:term":[{"taxonomy":"category","embeddable":true,"href":"https:\/\/cooperativaredloslagos.cl\/wp-json\/wp\/v2\/categories?post=4793"},{"taxonomy":"post_tag","embeddable":true,"href":"https:\/\/cooperativaredloslagos.cl\/wp-json\/wp\/v2\/tags?post=4793"}],"curies":[{"name":"wp","href":"https:\/\/api.w.org\/{rel}","templated":true}]}}