{"id":4796,"date":"2026-03-13T19:14:59","date_gmt":"2026-03-13T22:14:59","guid":{"rendered":"https:\/\/cooperativaredloslagos.cl\/?p=4796"},"modified":"2026-03-13T19:15:00","modified_gmt":"2026-03-13T22:15:00","slug":"gore-los-lagos-fortalece-la-prevencion-del-cancer-cervicouterino-en-puerto-montt","status":"publish","type":"post","link":"https:\/\/cooperativaredloslagos.cl\/2026\/03\/13\/gore-los-lagos-fortalece-la-prevencion-del-cancer-cervicouterino-en-puerto-montt\/","title":{"rendered":"GORE Los Lagos fortalece la prevenci\u00f3n del c\u00e1ncer cervicouterino en Puerto Montt"},"content":{"rendered":"\n<p>Con el objetivo de fortalecer la prevenci\u00f3n del c\u00e1ncer cervicouterino en la regi\u00f3n, se realiz\u00f3 el cierre del proyecto de autotoma del Virus del Papiloma Humano (VPH) en el Laboratorio Cl\u00ednico de la Municipalidad de Puerto Montt, iniciativa desarrollada en conjunto con la Fundaci\u00f3n Arturo L\u00f3pez P\u00e9rez (FALP) y financiada por el Gobierno Regional de Los Lagos.<\/p>\n\n\n\n<p>Para esta etapa, el Gobierno Regional de Los Lagos, liderado por el gobernador Alejandro Santana, aport\u00f3 10 millones de pesos a trav\u00e9s de una Asignaci\u00f3n Directa del Fondo Comunidad del Gore, recursos que permitieron la adquisici\u00f3n de 300 kits de autotoma destinados principalmente a mujeres entre 30 y 64 a\u00f1os. La estrategia permiti\u00f3 ampliar el acceso a este examen preventivo, el cual puede ser realizado por las propias usuarias, facilitando la detecci\u00f3n temprana del virus y reduciendo barreras de acceso al diagn\u00f3stico.<\/p>\n\n\n\n<p>Seg\u00fan los resultados preliminares del programa, cerca del 14% de las muestras analizadas resultaron positivas, lo que permitir\u00e1 a esas pacientes acceder de manera oportuna a controles y seguimiento m\u00e9dico para prevenir el desarrollo de c\u00e1ncer cervicouterino.<\/p>\n\n\n\n<p>El gobernador regional, Alejandro Santana, destac\u00f3 que este tipo de iniciativas refuerzan el enfoque preventivo en salud. \u201cAcabamos de dar cierre a un programa financiado por el Gobierno Regional que permiti\u00f3 detectar el Virus del Papiloma Humano en mujeres. Esto marca un precedente importante, porque permite actuar a tiempo y prevenir enfermedades tan complejas como el c\u00e1ncer\u201d, se\u00f1al\u00f3 la autoridad.<\/p>\n\n\n\n<p>Por su parte, el alcalde de Puerto Montt, Rodrigo Wainraihgt, valor\u00f3 el impacto del programa y el apoyo del Gobierno Regional para su implementaci\u00f3n. \u201cEstamos cerrando un tremendo programa dentro del Plan C\u00e1ncer que ten\u00eda por objeto realizar automuestras del VPH. Primero partimos con 50 autotomas gratuitas enfocadas en el mundo rural, y debido al \u00e9xito de esta experiencia pudimos ampliarlo al \u00e1mbito urbano gracias al apoyo del Gobierno Regional. Quiero agradecer personalmente al gobernador Alejandro Santana por su respaldo a este plan, que tiene por objetivo salvar vidas de nuestros vecinos y vecinas. Adem\u00e1s, por primera vez estas 300 muestras fueron analizadas en nuestro propio laboratorio municipal, que cuenta con certificaci\u00f3n nacional\u201d, destac\u00f3.<\/p>\n\n\n\n<p>Desde la Fundaci\u00f3n Arturo L\u00f3pez P\u00e9rez, el representante de la instituci\u00f3n, Jos\u00e9 Miguel Bernucci, valor\u00f3 el trabajo conjunto que permiti\u00f3 acercar tecnolog\u00eda de diagn\u00f3stico avanzado a la atenci\u00f3n primaria. \u201cEste programa permiti\u00f3 que mujeres de Puerto Montt accedieran a un examen que reemplaza al Papanicolau y que permite detectar lesiones de alto riesgo de manera m\u00e1s oportuna, contribuyendo a disminuir la mortalidad por c\u00e1ncer cervicouterino\u201d, indic\u00f3.<\/p>\n\n\n\n<p>La iniciativa forma parte de las acciones impulsadas en el marco del Plan C\u00e1ncer y del plan de salud regional, orientadas a fortalecer la prevenci\u00f3n, el diagn\u00f3stico temprano y el acceso a prestaciones de salud para las mujeres de la regi\u00f3n. Desde el municipio de Puerto Montt y el laboratorio cl\u00ednico municipal adelantaron que se proyecta una segunda etapa del programa, que buscar\u00e1 ampliar significativamente la cobertura del examen en la comuna durante los pr\u00f3ximos meses.<\/p>\n","protected":false},"excerpt":{"rendered":"<p>Con el objetivo de fortalecer la prevenci\u00f3n del c\u00e1ncer cervicouterino en la regi\u00f3n, se realiz\u00f3 el cierre del proyecto de autotoma del Virus del Papiloma [&hellip;]<\/p>\n","protected":false},"author":4,"featured_media":4797,"comment_status":"closed","ping_status":"closed","sticky":false,"template":"","format":"standard","meta":{"_monsterinsights_skip_tracking":false,"_monsterinsights_sitenote_active":false,"_monsterinsights_sitenote_note":"","_monsterinsights_sitenote_category":0,"footnotes":""},"categories":[17,16],"tags":[],"class_list":["post-4796","post","type-post","status-publish","format-standard","has-post-thumbnail","hentry","category-puerto-montt","category-salud"],"_links":{"self":[{"href":"https:\/\/cooperativaredloslagos.cl\/wp-json\/wp\/v2\/posts\/4796","targetHints":{"allow":["GET"]}}],"collection":[{"href":"https:\/\/cooperativaredloslagos.cl\/wp-json\/wp\/v2\/posts"}],"about":[{"href":"https:\/\/cooperativaredloslagos.cl\/wp-json\/wp\/v2\/types\/post"}],"author":[{"embeddable":true,"href":"https:\/\/cooperativaredloslagos.cl\/wp-json\/wp\/v2\/users\/4"}],"replies":[{"embeddable":true,"href":"https:\/\/cooperativaredloslagos.cl\/wp-json\/wp\/v2\/comments?post=4796"}],"version-history":[{"count":1,"href":"https:\/\/cooperativaredloslagos.cl\/wp-json\/wp\/v2\/posts\/4796\/revisions"}],"predecessor-version":[{"id":4798,"href":"https:\/\/cooperativaredloslagos.cl\/wp-json\/wp\/v2\/posts\/4796\/revisions\/4798"}],"wp:featuredmedia":[{"embeddable":true,"href":"https:\/\/cooperativaredloslagos.cl\/wp-json\/wp\/v2\/media\/4797"}],"wp:attachment":[{"href":"https:\/\/cooperativaredloslagos.cl\/wp-json\/wp\/v2\/media?parent=4796"}],"wp:term":[{"taxonomy":"category","embeddable":true,"href":"https:\/\/cooperativaredloslagos.cl\/wp-json\/wp\/v2\/categories?post=4796"},{"taxonomy":"post_tag","embeddable":true,"href":"https:\/\/cooperativaredloslagos.cl\/wp-json\/wp\/v2\/tags?post=4796"}],"curies":[{"name":"wp","href":"https:\/\/api.w.org\/{rel}","templated":true}]}}