{"id":4799,"date":"2026-03-14T09:49:21","date_gmt":"2026-03-14T12:49:21","guid":{"rendered":"https:\/\/cooperativaredloslagos.cl\/?p=4799"},"modified":"2026-03-14T09:49:25","modified_gmt":"2026-03-14T12:49:25","slug":"adulto-mayor-murio-tras-ser-atropellado-en-poblacion-18-de-septiembre-de-puerto-montt","status":"publish","type":"post","link":"https:\/\/cooperativaredloslagos.cl\/2026\/03\/14\/adulto-mayor-murio-tras-ser-atropellado-en-poblacion-18-de-septiembre-de-puerto-montt\/","title":{"rendered":"Adulto mayor muri\u00f3 tras ser atropellado en Poblaci\u00f3n 18 de septiembre de Puerto Montt"},"content":{"rendered":"\n<p>Un hombre de 68 a\u00f1os fue atropellado en la poblaci\u00f3n 18 de septiembre, en la intersecci\u00f3n de calle Manuel Montt con Francisco Javier de Reyna, sufriendo posteriormente un paro card\u00edaco tras ser impactado por un cami\u00f3n que realizaba una maniobra de retroceso.<\/p>\n\n\n\n<p>Hasta el lugar acudieron voluntarios de la 4\u00aa Compa\u00f1\u00eda de Bomberos y personal del SAMU, quienes realizaron maniobras de reanimaci\u00f3n para intentar salvarle la vida, pese a los esfuerzos de los equipos de emergencia, la persona falleci\u00f3 en el lugar.<\/p>\n\n\n\n<p>Uno de los momentos que m\u00e1s impact\u00f3 a vecinos y equipos de emergencia fue la presencia de los dos perros del adulto mayor, quienes eran sus fieles acompa\u00f1antes.<\/p>\n\n\n\n<p>Seg\u00fan testigos, los animales permanecieron durante todo el procedimiento cerca de su due\u00f1o. En particular, uno de los perritos no quer\u00eda abandonarlo, intentando acercarse constantemente y mantenerse a su lado mientras se realizaban las labores de reanimaci\u00f3n.<\/p>\n\n\n\n<p>Se est\u00e1 a la espera que el ministerio p\u00fablico instruya la investigaci\u00f3n respectiva.<\/p>\n","protected":false},"excerpt":{"rendered":"<p>Un hombre de 68 a\u00f1os fue atropellado en la poblaci\u00f3n 18 de septiembre, en la intersecci\u00f3n de calle Manuel Montt con Francisco Javier de Reyna, [&hellip;]<\/p>\n","protected":false},"author":4,"featured_media":4800,"comment_status":"closed","ping_status":"closed","sticky":false,"template":"","format":"standard","meta":{"_monsterinsights_skip_tracking":false,"_monsterinsights_sitenote_active":false,"_monsterinsights_sitenote_note":"","_monsterinsights_sitenote_category":0,"footnotes":""},"categories":[28,17],"tags":[],"class_list":["post-4799","post","type-post","status-publish","format-standard","has-post-thumbnail","hentry","category-policial","category-puerto-montt"],"_links":{"self":[{"href":"https:\/\/cooperativaredloslagos.cl\/wp-json\/wp\/v2\/posts\/4799","targetHints":{"allow":["GET"]}}],"collection":[{"href":"https:\/\/cooperativaredloslagos.cl\/wp-json\/wp\/v2\/posts"}],"about":[{"href":"https:\/\/cooperativaredloslagos.cl\/wp-json\/wp\/v2\/types\/post"}],"author":[{"embeddable":true,"href":"https:\/\/cooperativaredloslagos.cl\/wp-json\/wp\/v2\/users\/4"}],"replies":[{"embeddable":true,"href":"https:\/\/cooperativaredloslagos.cl\/wp-json\/wp\/v2\/comments?post=4799"}],"version-history":[{"count":1,"href":"https:\/\/cooperativaredloslagos.cl\/wp-json\/wp\/v2\/posts\/4799\/revisions"}],"predecessor-version":[{"id":4801,"href":"https:\/\/cooperativaredloslagos.cl\/wp-json\/wp\/v2\/posts\/4799\/revisions\/4801"}],"wp:featuredmedia":[{"embeddable":true,"href":"https:\/\/cooperativaredloslagos.cl\/wp-json\/wp\/v2\/media\/4800"}],"wp:attachment":[{"href":"https:\/\/cooperativaredloslagos.cl\/wp-json\/wp\/v2\/media?parent=4799"}],"wp:term":[{"taxonomy":"category","embeddable":true,"href":"https:\/\/cooperativaredloslagos.cl\/wp-json\/wp\/v2\/categories?post=4799"},{"taxonomy":"post_tag","embeddable":true,"href":"https:\/\/cooperativaredloslagos.cl\/wp-json\/wp\/v2\/tags?post=4799"}],"curies":[{"name":"wp","href":"https:\/\/api.w.org\/{rel}","templated":true}]}}