{"id":4802,"date":"2026-03-14T10:03:58","date_gmt":"2026-03-14T13:03:58","guid":{"rendered":"https:\/\/cooperativaredloslagos.cl\/?p=4802"},"modified":"2026-03-14T11:02:11","modified_gmt":"2026-03-14T14:02:11","slug":"murio-claudio-spiniak-protagonista-de-los-casos-de-abuso-sexual-infantil-mas-repudiados-en-chile","status":"publish","type":"post","link":"https:\/\/cooperativaredloslagos.cl\/2026\/03\/14\/murio-claudio-spiniak-protagonista-de-los-casos-de-abuso-sexual-infantil-mas-repudiados-en-chile\/","title":{"rendered":"Muri\u00f3 Claudio Spiniak protagonista de los casos de abuso sexual infantil m\u00e1s repudiados en Chile"},"content":{"rendered":"\n<p>Ayer viernes, por la noche, se confirm\u00f3 la muerte del empresario Claudio Spiniak Vilensky, a los 77 a\u00f1os. Conocido en el circuito social del barrio alto de Santiago, su nombre qued\u00f3 marcado por el esc\u00e1ndalo judicial que estall\u00f3 en 2003, cuando fue detenido por liderar una red de abuso sexual y explotaci\u00f3n de menores.<\/p>\n\n\n\n<p>El caso, uno de los m\u00e1s complejos de la historia reciente de Chile, incluy\u00f3 pol\u00e9micas aristas pol\u00edticas y declaraciones que luego fueron desmentidas.<\/p>\n\n\n\n<p>La trama judicial describ\u00eda una estructura que, seg\u00fan los investigadores, funcion\u00f3 durante a\u00f1os con el objetivo de satisfacer las preferencias sexuales del empresario. En resoluciones judiciales de la \u00e9poca se habl\u00f3 de una organizaci\u00f3n destinada a captar j\u00f3venes y facilitar encuentros sexuales, lo que deriv\u00f3 en m\u00faltiples procesamientos por asociaci\u00f3n il\u00edcita.<\/p>\n\n\n\n<p>En 2008, la Corte Suprema lo conden\u00f3 a 12 a\u00f1os de prisi\u00f3n por abuso sexual, explotaci\u00f3n y producci\u00f3n de material pornogr\u00e1fico. Cumpli\u00f3 su condena hasta 2013, cuando sali\u00f3 en libertad.<\/p>\n\n\n\n<p>Su fallecimiento revive el recuerdo de un proceso que marc\u00f3 profundamente la agenda judicial y pol\u00edtica del pa\u00eds.<\/p>\n","protected":false},"excerpt":{"rendered":"<p>Ayer viernes, por la noche, se confirm\u00f3 la muerte del empresario Claudio Spiniak Vilensky, a los 77 a\u00f1os. Conocido en el circuito social del barrio [&hellip;]<\/p>\n","protected":false},"author":4,"featured_media":4815,"comment_status":"closed","ping_status":"closed","sticky":false,"template":"","format":"standard","meta":{"_monsterinsights_skip_tracking":false,"_monsterinsights_sitenote_active":false,"_monsterinsights_sitenote_note":"","_monsterinsights_sitenote_category":0,"footnotes":""},"categories":[24,28],"tags":[],"class_list":["post-4802","post","type-post","status-publish","format-standard","has-post-thumbnail","hentry","category-nacional","category-policial"],"_links":{"self":[{"href":"https:\/\/cooperativaredloslagos.cl\/wp-json\/wp\/v2\/posts\/4802","targetHints":{"allow":["GET"]}}],"collection":[{"href":"https:\/\/cooperativaredloslagos.cl\/wp-json\/wp\/v2\/posts"}],"about":[{"href":"https:\/\/cooperativaredloslagos.cl\/wp-json\/wp\/v2\/types\/post"}],"author":[{"embeddable":true,"href":"https:\/\/cooperativaredloslagos.cl\/wp-json\/wp\/v2\/users\/4"}],"replies":[{"embeddable":true,"href":"https:\/\/cooperativaredloslagos.cl\/wp-json\/wp\/v2\/comments?post=4802"}],"version-history":[{"count":1,"href":"https:\/\/cooperativaredloslagos.cl\/wp-json\/wp\/v2\/posts\/4802\/revisions"}],"predecessor-version":[{"id":4804,"href":"https:\/\/cooperativaredloslagos.cl\/wp-json\/wp\/v2\/posts\/4802\/revisions\/4804"}],"wp:featuredmedia":[{"embeddable":true,"href":"https:\/\/cooperativaredloslagos.cl\/wp-json\/wp\/v2\/media\/4815"}],"wp:attachment":[{"href":"https:\/\/cooperativaredloslagos.cl\/wp-json\/wp\/v2\/media?parent=4802"}],"wp:term":[{"taxonomy":"category","embeddable":true,"href":"https:\/\/cooperativaredloslagos.cl\/wp-json\/wp\/v2\/categories?post=4802"},{"taxonomy":"post_tag","embeddable":true,"href":"https:\/\/cooperativaredloslagos.cl\/wp-json\/wp\/v2\/tags?post=4802"}],"curies":[{"name":"wp","href":"https:\/\/api.w.org\/{rel}","templated":true}]}}