{"id":4809,"date":"2026-03-14T10:21:43","date_gmt":"2026-03-14T13:21:43","guid":{"rendered":"https:\/\/cooperativaredloslagos.cl\/?p=4809"},"modified":"2026-03-14T10:21:47","modified_gmt":"2026-03-14T13:21:47","slug":"inversion-de-mas-de-900-millones-de-pesos-mejorara-las-escuelas-chiloe-y-alerce-historico-en-puerto-montt","status":"publish","type":"post","link":"https:\/\/cooperativaredloslagos.cl\/2026\/03\/14\/inversion-de-mas-de-900-millones-de-pesos-mejorara-las-escuelas-chiloe-y-alerce-historico-en-puerto-montt\/","title":{"rendered":"Inversi\u00f3n de m\u00e1s de 900 millones de pesos mejorar\u00e1 las escuelas Chilo\u00e9 y Alerce Hist\u00f3rico en Puerto Montt"},"content":{"rendered":"\n<p>Como parte del plan para mejorar las condiciones e infraestructura de sus establecimientos educacionales, la Municipalidad de Puerto Montt iniciar\u00e1 un proyecto de conservaci\u00f3n para la reparaci\u00f3n estructural de las emblem\u00e1ticas escuelas Chilo\u00e9 y Alerce Hist\u00f3rico, que implican una inversi\u00f3n de m\u00e1s de 900 millones de pesos.<\/p>\n\n\n\n<p>Las obras, financiadas a trav\u00e9s del programa de Mejoramiento de Infraestructura Escolar P\u00fablica (MIEP), contemplan reposici\u00f3n de cubiertas, renovaci\u00f3n de revestimientos, pintura interior y exterior, recambio de ventanas y mejoramiento de servicios higi\u00e9nicos en ambos recintos.<\/p>\n\n\n\n<p>El alcalde de Puerto Montt, Rodrigo Wainraihgt Galilea, destac\u00f3 que estas iniciativas demuestran que \u201cel compromiso con la educaci\u00f3n es real, y aqu\u00ed hay m\u00e1s que las buenas intenciones y buenas ideas: hoy en conjunto el Concejo Municipal que estamos realizando acciones concretas para mejorar nuestros establecimientos\u201d.<\/p>\n\n\n\n<p>\u201cAprobamos m\u00e1s de 900 millones de pesos para la inversi\u00f3n en dos colegios hist\u00f3ricos: la Escuela Chilo\u00e9 y la Escuela de Alerce. Y por lo tanto, esto va a significar mejor infraestructura y dignificar la educaci\u00f3n p\u00fablica, no solamente para nuestros ni\u00f1os y ni\u00f1as, sino que tambi\u00e9n para nuestros profesores y asistentes de la educaci\u00f3n\u201d, resalt\u00f3.<\/p>\n\n\n\n<p>El jefe comunal record\u00f3 que este proyecto se suma a una pol\u00edtica para mejorar la educaci\u00f3n municipal, que implicar\u00e1 para este 2026 una inversi\u00f3n in\u00e9dita de m\u00e1s 6.300 millones de pesos en infraestructura para los establecimientos dependientes del DAEM.<\/p>\n\n\n\n<p>En el caso de la Escuela Chilo\u00e9, el proyecto considera una inversi\u00f3n superior a $472 millones. Las obras incluyen el cambio de cubierta en m\u00e1s de 1.100 metros cuadrados, instalaci\u00f3n de paneles aislados, reposici\u00f3n de canales y bajadas de aguas lluvias, adem\u00e1s de pintura interior y exterior que supera los 6.700 metros cuadrados de superficie intervenida.<\/p>\n\n\n\n<p>Durante la ejecuci\u00f3n de las obras, los estudiantes de educaci\u00f3n parvularia y b\u00e1sica contin\u00faan sus actividades acad\u00e9micas en dependencias de la Escuela Libertad.<\/p>\n","protected":false},"excerpt":{"rendered":"<p>Como parte del plan para mejorar las condiciones e infraestructura de sus establecimientos educacionales, la Municipalidad de Puerto Montt iniciar\u00e1 un proyecto de conservaci\u00f3n para [&hellip;]<\/p>\n","protected":false},"author":4,"featured_media":4810,"comment_status":"closed","ping_status":"closed","sticky":false,"template":"","format":"standard","meta":{"_monsterinsights_skip_tracking":false,"_monsterinsights_sitenote_active":false,"_monsterinsights_sitenote_note":"","_monsterinsights_sitenote_category":0,"footnotes":""},"categories":[27,17],"tags":[],"class_list":["post-4809","post","type-post","status-publish","format-standard","has-post-thumbnail","hentry","category-educacion","category-puerto-montt"],"_links":{"self":[{"href":"https:\/\/cooperativaredloslagos.cl\/wp-json\/wp\/v2\/posts\/4809","targetHints":{"allow":["GET"]}}],"collection":[{"href":"https:\/\/cooperativaredloslagos.cl\/wp-json\/wp\/v2\/posts"}],"about":[{"href":"https:\/\/cooperativaredloslagos.cl\/wp-json\/wp\/v2\/types\/post"}],"author":[{"embeddable":true,"href":"https:\/\/cooperativaredloslagos.cl\/wp-json\/wp\/v2\/users\/4"}],"replies":[{"embeddable":true,"href":"https:\/\/cooperativaredloslagos.cl\/wp-json\/wp\/v2\/comments?post=4809"}],"version-history":[{"count":1,"href":"https:\/\/cooperativaredloslagos.cl\/wp-json\/wp\/v2\/posts\/4809\/revisions"}],"predecessor-version":[{"id":4811,"href":"https:\/\/cooperativaredloslagos.cl\/wp-json\/wp\/v2\/posts\/4809\/revisions\/4811"}],"wp:featuredmedia":[{"embeddable":true,"href":"https:\/\/cooperativaredloslagos.cl\/wp-json\/wp\/v2\/media\/4810"}],"wp:attachment":[{"href":"https:\/\/cooperativaredloslagos.cl\/wp-json\/wp\/v2\/media?parent=4809"}],"wp:term":[{"taxonomy":"category","embeddable":true,"href":"https:\/\/cooperativaredloslagos.cl\/wp-json\/wp\/v2\/categories?post=4809"},{"taxonomy":"post_tag","embeddable":true,"href":"https:\/\/cooperativaredloslagos.cl\/wp-json\/wp\/v2\/tags?post=4809"}],"curies":[{"name":"wp","href":"https:\/\/api.w.org\/{rel}","templated":true}]}}