{"id":4812,"date":"2026-03-14T10:57:18","date_gmt":"2026-03-14T13:57:18","guid":{"rendered":"https:\/\/cooperativaredloslagos.cl\/?p=4812"},"modified":"2026-03-14T10:57:26","modified_gmt":"2026-03-14T13:57:26","slug":"comandante-de-la-fuerza-aerea-visito-a-delegado-presidencial-en-los-lagos-para-coordinar-trabajo-conjunto","status":"publish","type":"post","link":"https:\/\/cooperativaredloslagos.cl\/2026\/03\/14\/comandante-de-la-fuerza-aerea-visito-a-delegado-presidencial-en-los-lagos-para-coordinar-trabajo-conjunto\/","title":{"rendered":"Comandante de la Fuerza A\u00e9rea visit\u00f3 a Delegado Presidencial en Los Lagos para coordinar trabajo conjunto"},"content":{"rendered":"\n<p>El comandante en Jefe de la III\u00aa Brigada A\u00e9rea, General de Brigada A\u00e9rea (A) Rodrigo Zeballos Quinteros, se reuni\u00f3 con el Delegado Presidencial Regional de Los Lagos, Cristian Palma, con el objetivo de establecer los lineamientos para una labor conjunta entre la Instituci\u00f3n y las diversas organizaciones de la administraci\u00f3n p\u00fablica.<\/p>\n\n\n\n<p>El encuentro permiti\u00f3 abordar materias de cooperaci\u00f3n estrat\u00e9gica, orientadas a optimizar la respuesta de la Fuerza A\u00e9rea de Chile ante los requerimientos de la ciudadan\u00eda y asegurar una gesti\u00f3n eficiente de los recursos en beneficio directo de los habitantes de la zona sur del pa\u00eds. La planificaci\u00f3n establecida durante la cita busc\u00f3 potenciar el despliegue de las capacidades institucionales en tareas de conectividad, consolidando el v\u00ednculo entre la III\u00aa Brigada A\u00e9rea y las<\/p>\n","protected":false},"excerpt":{"rendered":"<p>El comandante en Jefe de la III\u00aa Brigada A\u00e9rea, General de Brigada A\u00e9rea (A) Rodrigo Zeballos Quinteros, se reuni\u00f3 con el Delegado Presidencial Regional de [&hellip;]<\/p>\n","protected":false},"author":4,"featured_media":4813,"comment_status":"closed","ping_status":"closed","sticky":false,"template":"","format":"standard","meta":{"_monsterinsights_skip_tracking":false,"_monsterinsights_sitenote_active":false,"_monsterinsights_sitenote_note":"","_monsterinsights_sitenote_category":0,"footnotes":""},"categories":[6,15],"tags":[],"class_list":["post-4812","post","type-post","status-publish","format-standard","has-post-thumbnail","hentry","category-politics","category-regional"],"_links":{"self":[{"href":"https:\/\/cooperativaredloslagos.cl\/wp-json\/wp\/v2\/posts\/4812","targetHints":{"allow":["GET"]}}],"collection":[{"href":"https:\/\/cooperativaredloslagos.cl\/wp-json\/wp\/v2\/posts"}],"about":[{"href":"https:\/\/cooperativaredloslagos.cl\/wp-json\/wp\/v2\/types\/post"}],"author":[{"embeddable":true,"href":"https:\/\/cooperativaredloslagos.cl\/wp-json\/wp\/v2\/users\/4"}],"replies":[{"embeddable":true,"href":"https:\/\/cooperativaredloslagos.cl\/wp-json\/wp\/v2\/comments?post=4812"}],"version-history":[{"count":1,"href":"https:\/\/cooperativaredloslagos.cl\/wp-json\/wp\/v2\/posts\/4812\/revisions"}],"predecessor-version":[{"id":4814,"href":"https:\/\/cooperativaredloslagos.cl\/wp-json\/wp\/v2\/posts\/4812\/revisions\/4814"}],"wp:featuredmedia":[{"embeddable":true,"href":"https:\/\/cooperativaredloslagos.cl\/wp-json\/wp\/v2\/media\/4813"}],"wp:attachment":[{"href":"https:\/\/cooperativaredloslagos.cl\/wp-json\/wp\/v2\/media?parent=4812"}],"wp:term":[{"taxonomy":"category","embeddable":true,"href":"https:\/\/cooperativaredloslagos.cl\/wp-json\/wp\/v2\/categories?post=4812"},{"taxonomy":"post_tag","embeddable":true,"href":"https:\/\/cooperativaredloslagos.cl\/wp-json\/wp\/v2\/tags?post=4812"}],"curies":[{"name":"wp","href":"https:\/\/api.w.org\/{rel}","templated":true}]}}