{"id":4816,"date":"2026-03-15T10:29:35","date_gmt":"2026-03-15T13:29:35","guid":{"rendered":"https:\/\/cooperativaredloslagos.cl\/?p=4816"},"modified":"2026-03-15T10:29:36","modified_gmt":"2026-03-15T13:29:36","slug":"incendio-consumio-vivienda-en-chamiza-y-dejo-una-persona-fallecida","status":"publish","type":"post","link":"https:\/\/cooperativaredloslagos.cl\/2026\/03\/15\/incendio-consumio-vivienda-en-chamiza-y-dejo-una-persona-fallecida\/","title":{"rendered":"Incendio consumi\u00f3 vivienda en Chamiza y dej\u00f3 una persona fallecida"},"content":{"rendered":"\n<p>Un incendio consumi\u00f3 una vivienda de material ligero y de un piso en el sector de Chamiza, espec\u00edficamente en el pasaje Esperanza, en horas de la tarde de ayer s\u00e1bado.<\/p>\n\n\n\n<p>En el lugar trabajaron voluntarios de Bomberos de Carretera Austral y de Puerto Montt, los que tuvieron la dificultad que los pasajes eran muy angostos para el normal desplazamiento de los carros, aunque no hubo problemas en al abastecimiento de agua, por lo que no fue necesario la activaci\u00f3n de refuerzos.<\/p>\n\n\n\n<p>El capit\u00e1n de la Primera Compa\u00f1\u00eda, Juvenal Casanova, confirm\u00f3 el hallazgo de una persona fallecida, un adulto mayor al interior de la vivienda siniestrada y otra lesionada, la que fue derivada r\u00e1pidamente hasta el hospital de Puerto Montt, por personal del SAMU. <\/p>\n\n\n\n<p>Hasta el momento se investigan las causas del siniestro.<\/p>\n","protected":false},"excerpt":{"rendered":"<p>Un incendio consumi\u00f3 una vivienda de material ligero y de un piso en el sector de Chamiza, espec\u00edficamente en el pasaje Esperanza, en horas de [&hellip;]<\/p>\n","protected":false},"author":4,"featured_media":4817,"comment_status":"closed","ping_status":"closed","sticky":false,"template":"","format":"standard","meta":{"_monsterinsights_skip_tracking":false,"_monsterinsights_sitenote_active":false,"_monsterinsights_sitenote_note":"","_monsterinsights_sitenote_category":0,"footnotes":""},"categories":[28,17],"tags":[],"class_list":["post-4816","post","type-post","status-publish","format-standard","has-post-thumbnail","hentry","category-policial","category-puerto-montt"],"_links":{"self":[{"href":"https:\/\/cooperativaredloslagos.cl\/wp-json\/wp\/v2\/posts\/4816","targetHints":{"allow":["GET"]}}],"collection":[{"href":"https:\/\/cooperativaredloslagos.cl\/wp-json\/wp\/v2\/posts"}],"about":[{"href":"https:\/\/cooperativaredloslagos.cl\/wp-json\/wp\/v2\/types\/post"}],"author":[{"embeddable":true,"href":"https:\/\/cooperativaredloslagos.cl\/wp-json\/wp\/v2\/users\/4"}],"replies":[{"embeddable":true,"href":"https:\/\/cooperativaredloslagos.cl\/wp-json\/wp\/v2\/comments?post=4816"}],"version-history":[{"count":1,"href":"https:\/\/cooperativaredloslagos.cl\/wp-json\/wp\/v2\/posts\/4816\/revisions"}],"predecessor-version":[{"id":4818,"href":"https:\/\/cooperativaredloslagos.cl\/wp-json\/wp\/v2\/posts\/4816\/revisions\/4818"}],"wp:featuredmedia":[{"embeddable":true,"href":"https:\/\/cooperativaredloslagos.cl\/wp-json\/wp\/v2\/media\/4817"}],"wp:attachment":[{"href":"https:\/\/cooperativaredloslagos.cl\/wp-json\/wp\/v2\/media?parent=4816"}],"wp:term":[{"taxonomy":"category","embeddable":true,"href":"https:\/\/cooperativaredloslagos.cl\/wp-json\/wp\/v2\/categories?post=4816"},{"taxonomy":"post_tag","embeddable":true,"href":"https:\/\/cooperativaredloslagos.cl\/wp-json\/wp\/v2\/tags?post=4816"}],"curies":[{"name":"wp","href":"https:\/\/api.w.org\/{rel}","templated":true}]}}