{"id":4825,"date":"2026-03-15T11:21:52","date_gmt":"2026-03-15T14:21:52","guid":{"rendered":"https:\/\/cooperativaredloslagos.cl\/?p=4825"},"modified":"2026-03-15T11:21:53","modified_gmt":"2026-03-15T14:21:53","slug":"actualizan-estado-de-rutas-y-caminos-en-la-region-de-los-lagos-tras-paso-de-sistema-frontal","status":"publish","type":"post","link":"https:\/\/cooperativaredloslagos.cl\/2026\/03\/15\/actualizan-estado-de-rutas-y-caminos-en-la-region-de-los-lagos-tras-paso-de-sistema-frontal\/","title":{"rendered":"Actualizan estado de rutas y caminos en la regi\u00f3n de Los Lagos tras paso de sistema frontal"},"content":{"rendered":"\n<p>La palataforma Transporte Informa Los Lagos en conjunto con Senapred actualizaron las condiciones de diversas rutas en la regi\u00f3n como consecuencia del paso del intenso paso de un sistema frontal que dej\u00f3 viento y precipitaciones.<\/p>\n\n\n\n<p> En el informe detallaron las afectaciones vigentes de movilidad tras el sistema frontal en la regi\u00f3n de Los Lagos:<\/p>\n\n\n\n<p><strong>\u27a1\ufe0f #Purranque<\/strong>: interrumpida Ruta U-900 en km 38.000, sector Puente El Molino por colapso de vado producto del aumento del r\u00edo Hueyusca; alternativa por Ruta U-912 Pampa Bonita &#8211; La Naranja \u2013 Tegualda. Empresa del contrato Global de Vialidad realizara la se\u00f1alizaci\u00f3n del corte.<\/p>\n\n\n\n<p>Por colapso de alcantarillas en camino ind\u00edgena no enrolado en sector Manquemapu, Vialidad contact\u00f3 a la comunidad y realizan los trabajos una vez bajen los niveles.<\/p>\n\n\n\n<p><strong>\u27a1\ufe0f #PuertoVaras<\/strong>: tras interrupci\u00f3n preventiva de tr\u00e1nsito en Ruta CH-225 a #Ensenada, hubo remociones en masa entre km 50,8 y 51,4, sector Los Patos; trabajos de despeje a contar de esta ma\u00f1ana.<\/p>\n\n\n\n<p><strong>\u26a0\ufe0f #Cocham\u00f3<\/strong>: remoci\u00f3n en masa en Ruta V-69 km 56; una pista habilitada y trabajos a realizarse desde este domingo.<\/p>\n\n\n\n<p>\u2705 En tanto, en <strong>#Futaleuf\u00fa<\/strong> se da cuenta de tr\u00e1nsito restablecido con precauci\u00f3n en Ruta W-885 km 2,550 tramo R\u00edo Chico &#8211; Las Escalas.<\/p>\n\n\n\n<p>Adicionalmente, advirtieron sobre el cuidado y atenci\u00f3n a las condiciones del tr\u00e1nsito en sectores afectados de <strong>#Frutillar Alto<\/strong> y calle Dieciocho en <strong>#Ancud<\/strong>.<\/p>\n","protected":false},"excerpt":{"rendered":"<p>La palataforma Transporte Informa Los Lagos en conjunto con Senapred actualizaron las condiciones de diversas rutas en la regi\u00f3n como consecuencia del paso del intenso [&hellip;]<\/p>\n","protected":false},"author":4,"featured_media":4826,"comment_status":"closed","ping_status":"closed","sticky":false,"template":"","format":"standard","meta":{"_monsterinsights_skip_tracking":false,"_monsterinsights_sitenote_active":false,"_monsterinsights_sitenote_note":"","_monsterinsights_sitenote_category":0,"footnotes":""},"categories":[15,4],"tags":[],"class_list":["post-4825","post","type-post","status-publish","format-standard","has-post-thumbnail","hentry","category-regional","category-lifestyle"],"_links":{"self":[{"href":"https:\/\/cooperativaredloslagos.cl\/wp-json\/wp\/v2\/posts\/4825","targetHints":{"allow":["GET"]}}],"collection":[{"href":"https:\/\/cooperativaredloslagos.cl\/wp-json\/wp\/v2\/posts"}],"about":[{"href":"https:\/\/cooperativaredloslagos.cl\/wp-json\/wp\/v2\/types\/post"}],"author":[{"embeddable":true,"href":"https:\/\/cooperativaredloslagos.cl\/wp-json\/wp\/v2\/users\/4"}],"replies":[{"embeddable":true,"href":"https:\/\/cooperativaredloslagos.cl\/wp-json\/wp\/v2\/comments?post=4825"}],"version-history":[{"count":1,"href":"https:\/\/cooperativaredloslagos.cl\/wp-json\/wp\/v2\/posts\/4825\/revisions"}],"predecessor-version":[{"id":4827,"href":"https:\/\/cooperativaredloslagos.cl\/wp-json\/wp\/v2\/posts\/4825\/revisions\/4827"}],"wp:featuredmedia":[{"embeddable":true,"href":"https:\/\/cooperativaredloslagos.cl\/wp-json\/wp\/v2\/media\/4826"}],"wp:attachment":[{"href":"https:\/\/cooperativaredloslagos.cl\/wp-json\/wp\/v2\/media?parent=4825"}],"wp:term":[{"taxonomy":"category","embeddable":true,"href":"https:\/\/cooperativaredloslagos.cl\/wp-json\/wp\/v2\/categories?post=4825"},{"taxonomy":"post_tag","embeddable":true,"href":"https:\/\/cooperativaredloslagos.cl\/wp-json\/wp\/v2\/tags?post=4825"}],"curies":[{"name":"wp","href":"https:\/\/api.w.org\/{rel}","templated":true}]}}