{"id":4842,"date":"2026-03-16T15:51:12","date_gmt":"2026-03-16T18:51:12","guid":{"rendered":"https:\/\/cooperativaredloslagos.cl\/?p=4842"},"modified":"2026-03-16T15:51:13","modified_gmt":"2026-03-16T18:51:13","slug":"solicitan-al-gobierno-mantener-horario-unico-en-la-region-de-los-lagos-y-eliminar-cambio-estacional","status":"publish","type":"post","link":"https:\/\/cooperativaredloslagos.cl\/2026\/03\/16\/solicitan-al-gobierno-mantener-horario-unico-en-la-region-de-los-lagos-y-eliminar-cambio-estacional\/","title":{"rendered":"Solicitan al Gobierno mantener horario \u00fanico en la regi\u00f3n de Los Lagos y eliminar cambio estacional"},"content":{"rendered":"\n<p>El gobernador regional de Los Lagos, Alejandro Santana, junto al alcalde de Puerto Montt, Rodrigo Wainraihgt, y el diputado Mauro Gonz\u00e1lez, realizaron este lunes un punto de prensa para anunciar que solicitar\u00e1n formalmente al Gobierno de Chile que la Regi\u00f3n de Los Lagos mantenga un horario \u00fanico durante todo el a\u00f1o, evitando as\u00ed los cambios estacionales de hora.<\/p>\n\n\n\n<p>La propuesta busca que la regi\u00f3n adopte un sistema similar al que actualmente rige en las regiones de Regi\u00f3n de Ays\u00e9n y Regi\u00f3n de Magallanes y de la Ant\u00e1rtica Chilena, donde se mantiene el horario de verano de manera permanente.<\/p>\n\n\n\n<p>Durante la actividad, las autoridades firmaron un oficio que ser\u00e1 enviado a la Delegaci\u00f3n Presidencial Regional y al Ministerio de Energ\u00eda de Chile, con el objetivo de que la solicitud sea analizada y se puedan adoptar medidas antes del pr\u00f3ximo cambio de hora programado para abril.<\/p>\n\n\n\n<p>El gobernador Santana explic\u00f3 que la iniciativa surge tras conversaciones con comunidades y autoridades locales de distintas comunas de la regi\u00f3n, incluyendo la provincia de Palena, donde se ha evidenciado un amplio respaldo a la idea de mantener un horario estable durante todo el a\u00f1o.<\/p>\n\n\n\n<p>\u201cEstamos convencidos de que existen argumentos t\u00e9cnicos, productivos y sociales para avanzar en esta medida. La productividad tambi\u00e9n tiene que ver con el descanso, con la seguridad y con la posibilidad de que las personas puedan compartir m\u00e1s tiempo con sus familias. Desplazarse con luz es muy distinto a hacerlo en la oscuridad\u201d, se\u00f1al\u00f3 la autoridad regional.<\/p>\n\n\n\n<p>Santana agreg\u00f3 que estudios y experiencias en otras regiones del sur del pa\u00eds han demostrado impactos positivos en la calidad de vida de las personas cuando se evita el cambio de horario.<\/p>\n\n\n\n<p>Por su parte, el alcalde de Puerto Montt, Rodrigo Wainraihgt, record\u00f3 que esta propuesta ha sido impulsada desde el a\u00f1o pasado y que el debate sobre el cambio de hora ha ido creciendo tanto a nivel nacional como internacional.<\/p>\n\n\n\n<p>\u201cChile es hoy el \u00fanico pa\u00eds de Sudam\u00e9rica que mantiene estos cambios de horario. La mayor\u00eda de los pa\u00edses ya ha terminado con esta pr\u00e1ctica, y cerca del 60% de las naciones del mundo tambi\u00e9n lo ha hecho. Este es un tema que afecta especialmente a los ni\u00f1os, a la seguridad y al uso de los espacios p\u00fablicos\u201d, afirm\u00f3.<\/p>\n\n\n\n<p>El jefe comunal agreg\u00f3 que la discusi\u00f3n debe considerar aspectos t\u00e9cnicos y acad\u00e9micos para determinar cu\u00e1l es el horario m\u00e1s adecuado para la regi\u00f3n, pero insisti\u00f3 en que lo importante es avanzar hacia un sistema estable que elimine las modificaciones semestrales.<\/p>\n\n\n\n<p>En tanto, el diputado Mauro Gonz\u00e1lez se\u00f1al\u00f3 que respaldar\u00e1 la iniciativa a nivel nacional y gestionar\u00e1 su an\u00e1lisis ante las autoridades centrales.<\/p>\n\n\n\n<p>\u201cEstamos pidiendo con mucha fuerza que la Regi\u00f3n de Los Lagos tenga la posibilidad de decidir sobre un tema tan relevante como el horario. Es importante avanzar hacia una mirada de macrozona sur, tal como ocurre en Ays\u00e9n y Magallanes\u201d, sostuvo.<\/p>\n\n\n\n<p>Las autoridades explicaron que la propuesta considera antecedentes t\u00e9cnicos relacionados con salud, productividad, seguridad, consumo energ\u00e9tico y calidad de vida, adem\u00e1s de estudios que advierten sobre los efectos del cambio de hora en el sue\u00f1o, el rendimiento y el bienestar de las personas.<\/p>\n\n\n\n<p>Asimismo, se anunci\u00f3 que acad\u00e9micos y expertos desarrollar\u00e1n un estudio que permitir\u00e1 evaluar con mayor precisi\u00f3n los impactos que tiene el cambio estacional de horario en la Regi\u00f3n de Los Lagos.<\/p>\n\n\n\n<p>El documento ser\u00e1 remitido a la brevedad al Gobierno central, con la expectativa de que pueda ser analizado antes del pr\u00f3ximo ajuste horario previsto para el 4 de abril.<\/p>\n","protected":false},"excerpt":{"rendered":"<p>El gobernador regional de Los Lagos, Alejandro Santana, junto al alcalde de Puerto Montt, Rodrigo Wainraihgt, y el diputado Mauro Gonz\u00e1lez, realizaron este lunes un [&hellip;]<\/p>\n","protected":false},"author":4,"featured_media":4843,"comment_status":"closed","ping_status":"closed","sticky":false,"template":"","format":"standard","meta":{"_monsterinsights_skip_tracking":false,"_monsterinsights_sitenote_active":false,"_monsterinsights_sitenote_note":"","_monsterinsights_sitenote_category":0,"footnotes":""},"categories":[15,4],"tags":[],"class_list":["post-4842","post","type-post","status-publish","format-standard","has-post-thumbnail","hentry","category-regional","category-lifestyle"],"_links":{"self":[{"href":"https:\/\/cooperativaredloslagos.cl\/wp-json\/wp\/v2\/posts\/4842","targetHints":{"allow":["GET"]}}],"collection":[{"href":"https:\/\/cooperativaredloslagos.cl\/wp-json\/wp\/v2\/posts"}],"about":[{"href":"https:\/\/cooperativaredloslagos.cl\/wp-json\/wp\/v2\/types\/post"}],"author":[{"embeddable":true,"href":"https:\/\/cooperativaredloslagos.cl\/wp-json\/wp\/v2\/users\/4"}],"replies":[{"embeddable":true,"href":"https:\/\/cooperativaredloslagos.cl\/wp-json\/wp\/v2\/comments?post=4842"}],"version-history":[{"count":1,"href":"https:\/\/cooperativaredloslagos.cl\/wp-json\/wp\/v2\/posts\/4842\/revisions"}],"predecessor-version":[{"id":4844,"href":"https:\/\/cooperativaredloslagos.cl\/wp-json\/wp\/v2\/posts\/4842\/revisions\/4844"}],"wp:featuredmedia":[{"embeddable":true,"href":"https:\/\/cooperativaredloslagos.cl\/wp-json\/wp\/v2\/media\/4843"}],"wp:attachment":[{"href":"https:\/\/cooperativaredloslagos.cl\/wp-json\/wp\/v2\/media?parent=4842"}],"wp:term":[{"taxonomy":"category","embeddable":true,"href":"https:\/\/cooperativaredloslagos.cl\/wp-json\/wp\/v2\/categories?post=4842"},{"taxonomy":"post_tag","embeddable":true,"href":"https:\/\/cooperativaredloslagos.cl\/wp-json\/wp\/v2\/tags?post=4842"}],"curies":[{"name":"wp","href":"https:\/\/api.w.org\/{rel}","templated":true}]}}